{"id":9419,"date":"2025-03-19T22:04:54","date_gmt":"2025-03-19T22:04:54","guid":{"rendered":"https:\/\/www.upo.es\/patio-colorado\/?p=9419"},"modified":"2025-03-19T22:04:54","modified_gmt":"2025-03-19T22:04:54","slug":"el-brillo-del-sur-la-joyeria-andaluza","status":"publish","type":"post","link":"https:\/\/www.upo.es\/patio-colorado\/2025\/03\/19\/el-brillo-del-sur-la-joyeria-andaluza\/","title":{"rendered":"El brillo del sur. La joyer\u00eda andaluza."},"content":{"rendered":"<p><span style=\"font-weight: 400\">\u00a1Hola color\u00e1s y coloraos!\u00a0<\/span><\/p>\n<p><span style=\"font-weight: 400\">\u00bfAlguna vez hab\u00e9is tenido una joya andaluza en vuestras manos o hab\u00e9is deseado poseer una joya \u00fanica? La historia de la joyer\u00eda andaluza se basa en una rica tradici\u00f3n que mezcla diferentes culturas conservadas durante siglos. Pasando por la filigrana cordobesa con sus delicadas formas\u00a0 realizadas con hilos de oro y plata entrelazados, hasta las joyas de coral de la costa almeriense, cada pieza narra una historia sin perder su esencia.\u00a0 En las creaciones modernas, el legado de la tradici\u00f3n isl\u00e1mica es visible en las incrustaciones de piedras preciosas y las decoraciones geom\u00e9tricas, dando identidad a estas creaciones.<\/span><\/p>\n<p><span style=\"font-weight: 400\">La orfebrer\u00eda andalus\u00ed tuvo sus inicios en la civilizaciones fenicias en C\u00e1diz en torno al 2000 a.C y alrededor del siglo VII a.C, con el Tesoro del Carambolo, de tradici\u00f3n tart\u00e9sica. En conjunto, el desarrollo del arte del metal para la joyer\u00eda se produjo a trav\u00e9s de las influencias cristiana, romana, \u00e1rabe y visigoda.<\/span><\/p>\n<p><span style=\"font-weight: 400\">Tras el declive en el siglo XIX, la joyer\u00eda andaluza se reinvent\u00f3\u00a0 combinando algunas t\u00e9cnicas antiguas con los nuevos movimientos art\u00edsticos. Ciudades como C\u00f3rdoba, Sevilla y Granada siguen siendo el punto de encuentro de la orfebrer\u00eda andaluza contempor\u00e1nea y los centros culturales en los que trabajan numerosos dise\u00f1adores para hacer avanzar el dise\u00f1o.<\/span><\/p>\n<p><span style=\"font-weight: 400\">Las joyas de estos maestros artesanos siguen atrayendo hoy en d\u00eda a coleccionistas y amantes de la joyer\u00eda y de la moda, haciendo que estas regiones sean un referente mundial en la artesan\u00eda orfebre. Si alguna vez tienes la oportunidad de ir a uno de estos talleres, te dar\u00e1s cuenta de c\u00f3mo las antiguas tradiciones se re\u00fanen con las t\u00e9cnicas modernas para producir asombrosas piezas de arte que reflejan su cultura en Andaluc\u00eda.<\/span><\/p>\n<p><span style=\"font-weight: 400\">Varios artesanos han experimentado con valent\u00eda combinando materiales y estilos haciendo joyas de gran demanda internacional (lo viejo con lo nuevo por as\u00ed decirlo). A menudo se pueden ver estas obras en las pasarelas de moda o en las colecciones de los museos de arte y antropolog\u00eda andaluces. La joyer\u00eda andaluza ha permanecido inalterable como complemento de moda. A parte de su funci\u00f3n ornamental, estas joyas\u00a0 han evolucionado adquiriendo una simbolog\u00eda de estatus e identidad cultural. Su emblem\u00e1tica belleza y su significado ha traspasado fronteras, coron\u00e1ndose como una muestra de riqueza y diversidad del legado andaluz.<\/span><\/p>\n<p><span style=\"font-weight: 400\">La joyer\u00eda andaluza ha evolucionado a lo largo de los a\u00f1os, pero siempre conservando la esencia que la hace tan \u00fanica. Nunca ha dejado de sorprender a aquellos que aprecian la historia y su conservaci\u00f3n bas\u00e1ndose en piezas tan peque\u00f1as heredadas y creadas a lo largo de tantas generaciones.\u00a0<\/span><\/p>\n<p><span style=\"font-weight: 400\">Te animo a recorrer las calles de estas ciudades y dejarte cautivar por las impresionantes joyas que sus tradicionales talleres exponen. Qui\u00e9n sabe, quiz\u00e1 la pr\u00f3xima pieza termine en tus manos.<\/span><\/p>\n<p><b>Fuentes:\u00a0<\/b><\/p>\n<ul>\n<li style=\"font-weight: 400\"><span style=\"font-weight: 400\">AndaluPedia. (s.f.). <\/span><i><span style=\"font-weight: 400\">C\u00f3rdoba: Joyer\u00eda y orfebrer\u00eda<\/span><\/i><span style=\"font-weight: 400\">. <\/span><a href=\"https:\/\/www.andalupedia.es\/p_termino_detalle.php?id_ter=17393\"><span style=\"font-weight: 400\">https:\/\/www.andalupedia.es\/p_termino_detalle.php?id_ter=17393<\/span><\/a><span style=\"font-weight: 400\">\u00a0<\/span><\/li>\n<li style=\"font-weight: 400\"><span style=\"font-weight: 400\">Notas Cordobesas. (2014, diciembre). <\/span><i><span style=\"font-weight: 400\">Historia e innovaci\u00f3n: Una mirada a la joyer\u00eda cordobesa<\/span><\/i><span style=\"font-weight: 400\">. Notas Cordobesas. <\/span><a href=\"https:\/\/www.notascordobesas.com\/2014\/12\/historia-e-innovacion-una-mirada-la.html\"><span style=\"font-weight: 400\">https:\/\/www.notascordobesas.com\/2014\/12\/historia-e-innovacion-una-mirada-la.html<\/span><\/a><span style=\"font-weight: 400\">\u00a0<\/span><\/li>\n<\/ul>\n<p><span style=\"font-weight: 400\">Mu\u00f1oz. R. (2018, 26 de octubre). <\/span><i><span style=\"font-weight: 400\">La joyer\u00eda cordobesa presume de tradici\u00f3n e historia en Madrid<\/span><\/i><span style=\"font-weight: 400\">. RTVE. <\/span><a href=\"https:\/\/www.rtve.es\/noticias\/20181026\/joyeria-cordobesa-presume-tradicion-historia-madrid\/1827020.shtml\"><span style=\"font-weight: 400\">https:\/\/www.rtve.es\/noticias\/20181026\/joyeria-cordobesa-presume-tradicion-historia-madrid\/1827020.shtml<\/span><\/a><\/p>\n","protected":false},"excerpt":{"rendered":"<p>\u00a1Hola color\u00e1s y coloraos!\u00a0 \u00bfAlguna vez hab\u00e9is tenido una joya andaluza en vuestras manos o hab\u00e9is deseado poseer una joya \u00fanica? La historia de la joyer\u00eda andaluza se basa en una rica tradici\u00f3n que mezcla diferentes culturas conservadas durante siglos. Pasando por la filigrana cordobesa con sus delicadas formas\u00a0 realizadas con hilos de oro y [&hellip;]<\/p>\n","protected":false},"author":167,"featured_media":9420,"comment_status":"open","ping_status":"open","sticky":false,"template":"","format":"standard","meta":{"_acf_changed":false,"_monsterinsights_skip_tracking":false,"_monsterinsights_sitenote_active":false,"_monsterinsights_sitenote_note":"","_monsterinsights_sitenote_category":0,"footnotes":""},"categories":[307,45,24,304,403,44],"tags":[55,99,332,15,210],"class_list":["post-9419","post","type-post","status-publish","format-standard","has-post-thumbnail","hentry","category-almeria","category-boletin-colorao","category-conservacion-y-restauracion","category-cordoba","category-historias-y-mucho-mas","category-patrimonio","tag-andalucia","tag-cultura","tag-sevilla-cultura","tag-artesania","tag-historia"],"blocksy_meta":[],"acf":[],"jetpack_featured_media_url":"https:\/\/www.upo.es\/patio-colorado\/wp-content\/uploads\/2025\/03\/tesoro.jpg","_links":{"self":[{"href":"https:\/\/www.upo.es\/patio-colorado\/wp-json\/wp\/v2\/posts\/9419","targetHints":{"allow":["GET"]}}],"collection":[{"href":"https:\/\/www.upo.es\/patio-colorado\/wp-json\/wp\/v2\/posts"}],"about":[{"href":"https:\/\/www.upo.es\/patio-colorado\/wp-json\/wp\/v2\/types\/post"}],"author":[{"embeddable":true,"href":"https:\/\/www.upo.es\/patio-colorado\/wp-json\/wp\/v2\/users\/167"}],"replies":[{"embeddable":true,"href":"https:\/\/www.upo.es\/patio-colorado\/wp-json\/wp\/v2\/comments?post=9419"}],"version-history":[{"count":1,"href":"https:\/\/www.upo.es\/patio-colorado\/wp-json\/wp\/v2\/posts\/9419\/revisions"}],"predecessor-version":[{"id":9421,"href":"https:\/\/www.upo.es\/patio-colorado\/wp-json\/wp\/v2\/posts\/9419\/revisions\/9421"}],"wp:featuredmedia":[{"embeddable":true,"href":"https:\/\/www.upo.es\/patio-colorado\/wp-json\/wp\/v2\/media\/9420"}],"wp:attachment":[{"href":"https:\/\/www.upo.es\/patio-colorado\/wp-json\/wp\/v2\/media?parent=9419"}],"wp:term":[{"taxonomy":"category","embeddable":true,"href":"https:\/\/www.upo.es\/patio-colorado\/wp-json\/wp\/v2\/categories?post=9419"},{"taxonomy":"post_tag","embeddable":true,"href":"https:\/\/www.upo.es\/patio-colorado\/wp-json\/wp\/v2\/tags?post=9419"}],"curies":[{"name":"wp","href":"https:\/\/api.w.org\/{rel}","templated":true}]}}