{"id":9440,"date":"2025-03-26T09:28:37","date_gmt":"2025-03-26T09:28:37","guid":{"rendered":"https:\/\/www.upo.es\/patio-colorado\/?p=9440"},"modified":"2025-03-26T09:30:32","modified_gmt":"2025-03-26T09:30:32","slug":"nueva-exposicion-en-el-caixaforum-sevilla","status":"publish","type":"post","link":"https:\/\/www.upo.es\/patio-colorado\/2025\/03\/26\/nueva-exposicion-en-el-caixaforum-sevilla\/","title":{"rendered":"Nueva exposici\u00f3n en el CaixaForum, Sevilla"},"content":{"rendered":"<p><span style=\"font-weight: 400\">\u00a1Hola color\u00e1s y coloraos!\u00a0<\/span><\/p>\n<p><span style=\"font-weight: 400\">Hoy vengo a proponeros una nueva actividad para realizar en el CaixaForum de Sevilla. Se trata de la exposici\u00f3n titulada \u201cM\u00fasica y matem\u00e1ticas\u201d, que estar\u00e1 disponible hasta el 1 de junio.\u00a0<\/span><\/p>\n<p><img loading=\"lazy\" decoding=\"async\" class=\" wp-image-9446 aligncenter\" src=\"https:\/\/www.upo.es\/patio-colorado\/wp-content\/uploads\/2025\/03\/Captura-de-pantalla-2025-03-26-102639-300x121.png\" alt=\"\" width=\"357\" height=\"144\" srcset=\"https:\/\/www.upo.es\/patio-colorado\/wp-content\/uploads\/2025\/03\/Captura-de-pantalla-2025-03-26-102639-300x121.png 300w, https:\/\/www.upo.es\/patio-colorado\/wp-content\/uploads\/2025\/03\/Captura-de-pantalla-2025-03-26-102639.png 528w\" sizes=\"auto, (max-width: 357px) 100vw, 357px\" \/><\/p>\n<p><span style=\"font-weight: 400\">Esta exposici\u00f3n es un viaje en el tiempo a trav\u00e9s de ambas disciplinas, estructurado en siete \u00e1mbitos. Mediante las notas de la escala diat\u00f3nica, se descubren y exploran las conexiones entre ambas \u00e1reas del conocimiento. Esto permite comprender cuestiones fundamentales, como la manera en que las inquietudes, la sensibilidad y la pasi\u00f3n sustentan los n\u00fameros, y c\u00f3mo la jerarqu\u00eda y la estabilidad nutren la m\u00fasica.<\/span><\/p>\n<p><span style=\"font-weight: 400\">Todos conocemos a grandes m\u00fasicos y matem\u00e1ticos que han influido en nuestra percepci\u00f3n del mundo actual. Por ello, esta exposici\u00f3n brinda la oportunidad de explorar los or\u00edgenes y el caos del mundo, en la paz y armon\u00eda de la naturaleza. Asimismo, es esencial resaltar la emoci\u00f3n que provoca la m\u00fasica, que nos ayuda a apreciar su estructura y estilo, adem\u00e1s de entender c\u00f3mo se relaciona con las matem\u00e1ticas.<\/span><\/p>\n<p><span style=\"font-weight: 400\">Tanto la m\u00fasica como las matem\u00e1ticas han sido, desde el origen del pensamiento filos\u00f3fico, una v\u00eda para explorar e interpretar el universo. Adem\u00e1s, numerosos estudios demuestran que la m\u00fasica aporta grandes beneficios a las personas con discapacidad intelectual. Por ello, esta exposici\u00f3n te invita a sumergirte en el ritmo de la m\u00fasica y a descubrir c\u00f3mo las matem\u00e1ticas dan forma a sus patrones.<\/span><\/p>\n<p>&nbsp;<\/p>\n<p><b>VISITAS Y ENTRADAS<\/b><\/p>\n<p><span style=\"font-weight: 400\">La entrada general para todas las exposiciones est\u00e1 disponible en la p\u00e1gina web por 6 \u20ac. Sin embargo, es gratuita para los clientes de CaixaBank y para menores de 16 a\u00f1os.<\/span><\/p>\n<p><span style=\"font-weight: 400\">Adem\u00e1s, se ofrecen visitas especiales: \u00abVisita en familia: Peque\u00f1os m\u00fasicos en busca de las matem\u00e1ticas\u00bb o \u00abVisita comentada: M\u00fasica y matem\u00e1ticas\u00bb, por 4 \u20ac.<\/span><\/p>\n<p>&nbsp;<\/p>\n<p><strong>BIBLIOGRAF\u00cdA\u00a0<\/strong><\/p>\n<p><span style=\"font-weight: 400\">Fundaci\u00f3n CaixaForum Sevilla. (2025). <\/span><i><span style=\"font-weight: 400\">M\u00fasica y matem\u00e1ticas<\/span><\/i><span style=\"font-weight: 400\">. Exposiciones <\/span><a href=\"https:\/\/caixaforum.org\/es\/sevilla\/p\/musica-y-matematicas_a168810454\"><span style=\"font-weight: 400\">https:\/\/caixaforum.org\/es\/sevilla\/p\/musica-y-matematicas_a168810454<\/span><\/a><span style=\"font-weight: 400\">\u00a0<\/span><\/p>\n","protected":false},"excerpt":{"rendered":"<p>\u00a1Hola color\u00e1s y coloraos!\u00a0 Hoy vengo a proponeros una nueva actividad para realizar en el CaixaForum de Sevilla. Se trata de la exposici\u00f3n titulada \u201cM\u00fasica y matem\u00e1ticas\u201d, que estar\u00e1 disponible hasta el 1 de junio.\u00a0 Esta exposici\u00f3n es un viaje en el tiempo a trav\u00e9s de ambas disciplinas, estructurado en siete \u00e1mbitos. Mediante las notas [&hellip;]<\/p>\n","protected":false},"author":162,"featured_media":9444,"comment_status":"open","ping_status":"open","sticky":false,"template":"","format":"standard","meta":{"_acf_changed":false,"_monsterinsights_skip_tracking":false,"_monsterinsights_sitenote_active":false,"_monsterinsights_sitenote_note":"","_monsterinsights_sitenote_category":0,"footnotes":""},"categories":[12],"tags":[245],"class_list":["post-9440","post","type-post","status-publish","format-standard","has-post-thumbnail","hentry","category-eventos","tag-exposiciones"],"blocksy_meta":[],"acf":[],"jetpack_featured_media_url":"https:\/\/www.upo.es\/patio-colorado\/wp-content\/uploads\/2025\/03\/Musica-y-matematicas-visita-pequenos_1733403013903-spa1.jpg","_links":{"self":[{"href":"https:\/\/www.upo.es\/patio-colorado\/wp-json\/wp\/v2\/posts\/9440","targetHints":{"allow":["GET"]}}],"collection":[{"href":"https:\/\/www.upo.es\/patio-colorado\/wp-json\/wp\/v2\/posts"}],"about":[{"href":"https:\/\/www.upo.es\/patio-colorado\/wp-json\/wp\/v2\/types\/post"}],"author":[{"embeddable":true,"href":"https:\/\/www.upo.es\/patio-colorado\/wp-json\/wp\/v2\/users\/162"}],"replies":[{"embeddable":true,"href":"https:\/\/www.upo.es\/patio-colorado\/wp-json\/wp\/v2\/comments?post=9440"}],"version-history":[{"count":1,"href":"https:\/\/www.upo.es\/patio-colorado\/wp-json\/wp\/v2\/posts\/9440\/revisions"}],"predecessor-version":[{"id":9447,"href":"https:\/\/www.upo.es\/patio-colorado\/wp-json\/wp\/v2\/posts\/9440\/revisions\/9447"}],"wp:featuredmedia":[{"embeddable":true,"href":"https:\/\/www.upo.es\/patio-colorado\/wp-json\/wp\/v2\/media\/9444"}],"wp:attachment":[{"href":"https:\/\/www.upo.es\/patio-colorado\/wp-json\/wp\/v2\/media?parent=9440"}],"wp:term":[{"taxonomy":"category","embeddable":true,"href":"https:\/\/www.upo.es\/patio-colorado\/wp-json\/wp\/v2\/categories?post=9440"},{"taxonomy":"post_tag","embeddable":true,"href":"https:\/\/www.upo.es\/patio-colorado\/wp-json\/wp\/v2\/tags?post=9440"}],"curies":[{"name":"wp","href":"https:\/\/api.w.org\/{rel}","templated":true}]}}