{"id":9450,"date":"2025-03-31T10:02:13","date_gmt":"2025-03-31T10:02:13","guid":{"rendered":"https:\/\/www.upo.es\/patio-colorado\/?p=9450"},"modified":"2025-04-20T14:37:42","modified_gmt":"2025-04-20T14:37:42","slug":"restauracion-de-la-casa-de-luis-de-cernuda-para-la-conmemoracion-del-aniversario-de-la-generacion-del-27","status":"publish","type":"post","link":"https:\/\/www.upo.es\/patio-colorado\/2025\/03\/31\/restauracion-de-la-casa-de-luis-de-cernuda-para-la-conmemoracion-del-aniversario-de-la-generacion-del-27\/","title":{"rendered":"Restauraci\u00f3n de la Casa de Luis de Cernuda para la conmemoraci\u00f3n del aniversario de la Generaci\u00f3n del 27"},"content":{"rendered":"<p><span style=\"font-weight: 400\">\u00a1Hola color\u00e1s y coloraos! Dentro de dos a\u00f1os, en el 2027, se celebrar\u00e1 el centenario del movimiento literario de la Generaci\u00f3n del 27. Por ello, Sevilla ya se est\u00e1 planeando y poniendo a punto este evento. Tal es as\u00ed, que desde noviembre de 2023 se est\u00e1 restaurando la casa de Cernuda, lugar que ser\u00e1 el centro de las actividades de esta celebraci\u00f3n. Se prev\u00e9 que pueda abrir sus puertas de nuevo a primeros de 2026. A\u00fan quedan bastante cosas por hacer y rematar los detalles, pero se estima que esta nueva fecha de apertura, pues se esperaba que la obra estuviera terminada para octubre de 2025, sea la correcta.\u00a0<\/span><\/p>\n<p><span style=\"font-weight: 400\">El inmueble fue adquirido por parte de la Consejer\u00eda de Cultura por casi medio mill\u00f3n de euros; el fin de esta compra es convertir la vivienda declarada Bien de Inter\u00e9s Cultural (BIC). Tras la celebraci\u00f3n del centenario, este espacio se dedicar\u00e1 a la literatura, poes\u00eda y, especialmente, a la figura de este poeta.<\/span><\/p>\n<p><span style=\"font-weight: 400\">Uno de los aspectos que <\/span><i><span style=\"font-weight: 400\">a priori<\/span><\/i><span style=\"font-weight: 400\"> m\u00e1s preocupaban a los restauradores eran las vigas de madera de las diferentes estancias. Para sorpresa de estos, las vigas no ten\u00edan ni termitas ni otras plagas, lo cual ha facilitado el trabajo puesto que no se han tenido que cambiar estos elementos. Por el contrario, las diferentes pinturas que decoran algunas zonas del inmueble se han conservado peormente. Por ello, las labores de conservaci\u00f3n y restauraci\u00f3n se han complicado, pues se tratan de pinturas al temple en vez de frescos. No obstante, el compromiso de la empresa que se encarga de esto es respetar al m\u00e1ximo la identidad del inmueble.\u00a0<\/span><\/p>\n<p><span style=\"font-weight: 400\">Fernando Ma\u00f1es, l\u00edder del equipo que se encarga de este proyecto, ha informado de que se empezar\u00e1 con la licitaci\u00f3n del proyecto museogr\u00e1fico basado en la propuesta de Antonio Rivero Taravillo, bi\u00f3grafo de Cernuda. Este \u00faltimo ha elaborado el cat\u00e1logo de fondos que podr\u00edan exponerse para hacer un recorrido por la vida del autor. Por su parte, el heredero universal, \u00c1ngel Mar\u00eda Yanguas \u00c1lvarez de Toledo est\u00e1 a favor de este proyecto, por lo que su deseo es que se integren en una casa museo los enseres personales que se conservan del poeta. El consistorio est\u00e1 negociando para llevar a cabo la compra completa de todo este cat\u00e1logo elaborado en 2020.\u00a0<\/span><\/p>\n<p><span style=\"font-weight: 400\">Si se respeta el dise\u00f1o elaborado por el bi\u00f3grafo, el museo contar\u00eda con 5 salas adem\u00e1s del zagu\u00e1n y el patio, que se dispondr\u00e1n en torno a diferentes temas: Sevilla, Gran Breta\u00f1a, Estado Unidos y M\u00e9xico, audiovisuales, y la biblioteca.\u00a0<\/span><\/p>\n<p><b>Referencias:<\/b><\/p>\n<p><span style=\"font-weight: 400\">Patricia Godino (6 de marzo de 2025). La Casa Cernuda, en obras: el Ayuntamiento acelera para que est\u00e9 lista a final de a\u00f1o. <\/span><i><span style=\"font-weight: 400\">El Correo de Andaluc\u00eda<\/span><\/i><span style=\"font-weight: 400\">. <\/span><a href=\"https:\/\/www.elcorreoweb.es\/cultura\/2025\/03\/06\/casa-cernuda-obras-ayuntamiento-acelera-114762053.html\"><span style=\"font-weight: 400\">https:\/\/www.elcorreoweb.es\/cultura\/2025\/03\/06\/casa-cernuda-obras-ayuntamiento-acelera-114762053.html<\/span><\/a><\/p>\n","protected":false},"excerpt":{"rendered":"<p>\u00a1Hola color\u00e1s y coloraos! Dentro de dos a\u00f1os, en el 2027, se celebrar\u00e1 el centenario del movimiento literario de la Generaci\u00f3n del 27. Por ello, Sevilla ya se est\u00e1 planeando y poniendo a punto este evento. Tal es as\u00ed, que desde noviembre de 2023 se est\u00e1 restaurando la casa de Cernuda, lugar que ser\u00e1 el [&hellip;]<\/p>\n","protected":false},"author":152,"featured_media":9451,"comment_status":"open","ping_status":"open","sticky":false,"template":"","format":"standard","meta":{"_acf_changed":false,"_monsterinsights_skip_tracking":false,"_monsterinsights_sitenote_active":false,"_monsterinsights_sitenote_note":"","_monsterinsights_sitenote_category":0,"footnotes":""},"categories":[1],"tags":[80,55,6],"class_list":["post-9450","post","type-post","status-publish","format-standard","has-post-thumbnail","hentry","category-sin-categoria","tag-actualidad","tag-andalucia","tag-sevilla"],"blocksy_meta":[],"acf":[],"jetpack_featured_media_url":"https:\/\/www.upo.es\/patio-colorado\/wp-content\/uploads\/2025\/03\/1d3d548c-9939-4603-8651-97a1c86a4088_source-aspect-ratio_50p_0.jpg","_links":{"self":[{"href":"https:\/\/www.upo.es\/patio-colorado\/wp-json\/wp\/v2\/posts\/9450","targetHints":{"allow":["GET"]}}],"collection":[{"href":"https:\/\/www.upo.es\/patio-colorado\/wp-json\/wp\/v2\/posts"}],"about":[{"href":"https:\/\/www.upo.es\/patio-colorado\/wp-json\/wp\/v2\/types\/post"}],"author":[{"embeddable":true,"href":"https:\/\/www.upo.es\/patio-colorado\/wp-json\/wp\/v2\/users\/152"}],"replies":[{"embeddable":true,"href":"https:\/\/www.upo.es\/patio-colorado\/wp-json\/wp\/v2\/comments?post=9450"}],"version-history":[{"count":1,"href":"https:\/\/www.upo.es\/patio-colorado\/wp-json\/wp\/v2\/posts\/9450\/revisions"}],"predecessor-version":[{"id":9452,"href":"https:\/\/www.upo.es\/patio-colorado\/wp-json\/wp\/v2\/posts\/9450\/revisions\/9452"}],"wp:featuredmedia":[{"embeddable":true,"href":"https:\/\/www.upo.es\/patio-colorado\/wp-json\/wp\/v2\/media\/9451"}],"wp:attachment":[{"href":"https:\/\/www.upo.es\/patio-colorado\/wp-json\/wp\/v2\/media?parent=9450"}],"wp:term":[{"taxonomy":"category","embeddable":true,"href":"https:\/\/www.upo.es\/patio-colorado\/wp-json\/wp\/v2\/categories?post=9450"},{"taxonomy":"post_tag","embeddable":true,"href":"https:\/\/www.upo.es\/patio-colorado\/wp-json\/wp\/v2\/tags?post=9450"}],"curies":[{"name":"wp","href":"https:\/\/api.w.org\/{rel}","templated":true}]}}