{"id":9458,"date":"2025-03-31T11:09:36","date_gmt":"2025-03-31T11:09:36","guid":{"rendered":"https:\/\/www.upo.es\/patio-colorado\/?p=9458"},"modified":"2025-03-31T11:09:36","modified_gmt":"2025-03-31T11:09:36","slug":"moda-flamenca-2025-tendencias-de-trajes-de-flamenca-de-esta-temporada","status":"publish","type":"post","link":"https:\/\/www.upo.es\/patio-colorado\/2025\/03\/31\/moda-flamenca-2025-tendencias-de-trajes-de-flamenca-de-esta-temporada\/","title":{"rendered":"Moda flamenca 2025: Tendencias de trajes de flamenca de esta temporada."},"content":{"rendered":"<p><span style=\"font-weight: 400\">\u00a1Hola color\u00e1s y coloraos!<\/span><\/p>\n<p><span style=\"font-weight: 400\">\u00a1Queda poco m\u00e1s de un mes para nuestra querida Feria de Abril aqu\u00ed en Sevilla y os traigo las tendencias de moda de trajes de flamenca de este 2025! Este a\u00f1o, la moda flamenca viene cargada de nuevos estilos que prometen revolucionar las ferias y las celebraciones del pr\u00f3ximo a\u00f1o a mayores. En este art\u00edculo te traigo las novedades de este 2025, que no solo mantendr\u00e1n su esencia tradicional, sino que tambi\u00e9n incluir\u00e1n novedades de colores, estilos y telas.<\/span><\/p>\n<p><span style=\"font-weight: 400\">Este 2025, habr\u00e1 una gran variedad de modelos de flamenca, donde formar\u00e1n parte tanto los trajes cl\u00e1sicos como versiones m\u00e1s contempor\u00e1neas. Tendr\u00e1n protagonismo las mangas largas, mientras que los volantes tender\u00e1n a ser voluminosos para que sean capaces de crear una silueta\u00a0 cargada de movimiento. En cuanto a los cortes, los asim\u00e9tricos est\u00e1n de moda debido a su modernidad mientras que los escotes en pico y los cuellos cerrados a\u00f1adir\u00e1n un toque de elegancia sin perder esa esencia flamenca. Adem\u00e1s, este a\u00f1o predominar\u00e1n las flores exentas en hombros que dar\u00e1n un volumen y color a la cara que tanto favorece.<\/span><\/p>\n<p><img loading=\"lazy\" decoding=\"async\" class=\"alignnone size-medium wp-image-9459 aligncenter\" src=\"https:\/\/www.upo.es\/patio-colorado\/wp-content\/uploads\/2025\/03\/javierdelalamo_qlamenco24_2-242x300.jpg\" alt=\"\" width=\"242\" height=\"300\" srcset=\"https:\/\/www.upo.es\/patio-colorado\/wp-content\/uploads\/2025\/03\/javierdelalamo_qlamenco24_2-242x300.jpg 242w, https:\/\/www.upo.es\/patio-colorado\/wp-content\/uploads\/2025\/03\/javierdelalamo_qlamenco24_2.jpg 626w\" sizes=\"auto, (max-width: 242px) 100vw, 242px\" \/><\/p>\n<p style=\"text-align: center\"><em><span style=\"font-weight: 400\">Flores exentas en hombros<\/span><\/em><\/p>\n<p><span style=\"font-weight: 400\">Acerca de los colores de esta temporada, se apuestan por tonos tierra y c\u00e1lidos, <\/span><span style=\"font-weight: 400\">que suelen incluirse entre los tonos neutros, tendencia que esta temporada prosigue. Entre ello se encuentran <\/span><span style=\"font-weight: 400\">el naranja, el rojo intenso y el amarillo mostaza, colores llenos de energ\u00eda y pasi\u00f3n. Otros tonos m\u00e1s suaves, como el rosa pastel y el blanco roto, tambi\u00e9n tendr\u00e1n su protagonismo para aquellas personas que buscan un estilo m\u00e1s sutil y delicado. De igual manera, los estampados de flores, cl\u00e1sicos en la moda flamenca, se incorporan en versiones m\u00e1s modernas y abstractas.\u00a0<\/span><\/p>\n<p><span style=\"font-weight: 400\">En cuanto a las telas, el satinado y el ramio ser\u00e1n los favoritos por su brillo y fluidez, ideales para los movimientos del baile flamenco. Para opciones m\u00e1s sostenibles, el algod\u00f3n y el lino como ejemplo ofrecer\u00e1n comodidad y frescura, especialmente en los d\u00edas de calor.<\/span><\/p>\n<p><span style=\"font-weight: 400\">En relaci\u00f3n a las tendencias, la mayor\u00eda de dise\u00f1adores coinciden en que debe buscarse un traje que resulte c\u00f3modo y fresco, que nos permita andar y bailar sin dificultades. Esto resulta crucial debido al tiempo que pasaremos de pie y en movimiento durante la feria de este 2025.<\/span><\/p>\n<p><span style=\"font-weight: 400\">Espero que os haya ayudado con esta peque\u00f1a gu\u00eda sobre las tendencias de este a\u00f1o y espero que disfrut\u00e9is en esta esperada Feria de Abril.<\/span><\/p>\n<p>&nbsp;<\/p>\n<p><b>Referencias<\/b><\/p>\n<p><span style=\"font-weight: 400\">LBF. (2025, 13 de enero). <\/span><i><span style=\"font-weight: 400\">Moda flamenca 2025: Tendencias de esta temporada<\/span><\/i><span style=\"font-weight: 400\">. La Boutique Flamenca. <\/span><a href=\"https:\/\/laboutiqueflamenca.com\/moda-flamenca-2025-tendencias-de-esta-temporada\/\"><span style=\"font-weight: 400\">https:\/\/laboutiqueflamenca.com\/moda-flamenca-2025-tendencias-de-esta-temporada\/<\/span><\/a><span style=\"font-weight: 400\">\u00a0<\/span><\/p>\n<p><span style=\"font-weight: 400\">Rodr\u00edguez, S. (s.f.). <\/span><i><span style=\"font-weight: 400\">\u00bfCu\u00e1les son las tendencias en trajes de flamenca 2025?<\/span><\/i><span style=\"font-weight: 400\"> Acento Artesano. <\/span><a href=\"https:\/\/www.conacentoartesano.com\/cuales-son-las-tendencias-en-trajes-de-flamenca-2025\/\"><span style=\"font-weight: 400\">https:\/\/www.conacentoartesano.com\/cuales-son-las-tendencias-en-trajes-de-flamenca-2025\/<\/span><\/a><span style=\"font-weight: 400\">\u00a0<\/span><\/p>\n<p><span style=\"font-weight: 400\">MICAELAVILLA. (s.f.). <\/span><i><span style=\"font-weight: 400\">Trajes de flamenca que se llevan en 2025<\/span><\/i><span style=\"font-weight: 400\">. MICAELAVILLA. <\/span><a href=\"https:\/\/micaelavilla.com\/trajes-de-flamenca-que-se-llevan-en-2025\/#:~:text=Conoce%20las%20tendencias%20en%20trajes%20de%20flamenca%20para,marcar%C3%A1n%20estilo%20en%20la%20feria.%20%C2%A1Insp%C3%ADrate%20y%20destaca%21\"><span style=\"font-weight: 400\">https:\/\/micaelavilla.com\/trajes-de-flamenca-que-se-llevan-en-2025\/#:~:text=Conoce%20las%20tendencias%20en%20trajes%20de%20flamenca%20para,marcar%C3%A1n%20estilo%20en%20la%20feria.%20%C2%A1Insp%C3%ADrate%20y%20destaca%21<\/span><\/a><span style=\"font-weight: 400\">\u00a0<\/span><\/p>\n<p>&nbsp;<\/p>\n","protected":false},"excerpt":{"rendered":"<p>\u00a1Hola color\u00e1s y coloraos! \u00a1Queda poco m\u00e1s de un mes para nuestra querida Feria de Abril aqu\u00ed en Sevilla y os traigo las tendencias de moda de trajes de flamenca de este 2025! Este a\u00f1o, la moda flamenca viene cargada de nuevos estilos que prometen revolucionar las ferias y las celebraciones del pr\u00f3ximo a\u00f1o a [&hellip;]<\/p>\n","protected":false},"author":166,"featured_media":0,"comment_status":"open","ping_status":"open","sticky":false,"template":"","format":"standard","meta":{"_acf_changed":false,"_monsterinsights_skip_tracking":false,"_monsterinsights_sitenote_active":false,"_monsterinsights_sitenote_note":"","_monsterinsights_sitenote_category":0,"footnotes":""},"categories":[12],"tags":[424],"class_list":["post-9458","post","type-post","status-publish","format-standard","hentry","category-eventos","tag-modaflamenca"],"blocksy_meta":[],"acf":[],"jetpack_featured_media_url":"","_links":{"self":[{"href":"https:\/\/www.upo.es\/patio-colorado\/wp-json\/wp\/v2\/posts\/9458","targetHints":{"allow":["GET"]}}],"collection":[{"href":"https:\/\/www.upo.es\/patio-colorado\/wp-json\/wp\/v2\/posts"}],"about":[{"href":"https:\/\/www.upo.es\/patio-colorado\/wp-json\/wp\/v2\/types\/post"}],"author":[{"embeddable":true,"href":"https:\/\/www.upo.es\/patio-colorado\/wp-json\/wp\/v2\/users\/166"}],"replies":[{"embeddable":true,"href":"https:\/\/www.upo.es\/patio-colorado\/wp-json\/wp\/v2\/comments?post=9458"}],"version-history":[{"count":1,"href":"https:\/\/www.upo.es\/patio-colorado\/wp-json\/wp\/v2\/posts\/9458\/revisions"}],"predecessor-version":[{"id":9460,"href":"https:\/\/www.upo.es\/patio-colorado\/wp-json\/wp\/v2\/posts\/9458\/revisions\/9460"}],"wp:attachment":[{"href":"https:\/\/www.upo.es\/patio-colorado\/wp-json\/wp\/v2\/media?parent=9458"}],"wp:term":[{"taxonomy":"category","embeddable":true,"href":"https:\/\/www.upo.es\/patio-colorado\/wp-json\/wp\/v2\/categories?post=9458"},{"taxonomy":"post_tag","embeddable":true,"href":"https:\/\/www.upo.es\/patio-colorado\/wp-json\/wp\/v2\/tags?post=9458"}],"curies":[{"name":"wp","href":"https:\/\/api.w.org\/{rel}","templated":true}]}}