{"id":9461,"date":"2025-03-31T11:15:56","date_gmt":"2025-03-31T11:15:56","guid":{"rendered":"https:\/\/www.upo.es\/patio-colorado\/?p=9461"},"modified":"2025-03-31T11:15:56","modified_gmt":"2025-03-31T11:15:56","slug":"programacion-cultural-primaveral-2025","status":"publish","type":"post","link":"https:\/\/www.upo.es\/patio-colorado\/2025\/03\/31\/programacion-cultural-primaveral-2025\/","title":{"rendered":"Programaci\u00f3n cultural primaveral 2025"},"content":{"rendered":"<p><span style=\"font-weight: 400\">\u00a1Hola color\u00e1s y coloraos!<\/span><\/p>\n<p><span style=\"font-weight: 400\">Os traigo en este art\u00edculo, para los m\u00e1s interesados en el arte y patrimonio, la programaci\u00f3n cultural de primavera de este 2025 a trav\u00e9s de una noticia del Correo de Andaluc\u00eda. Seg\u00fan el art\u00edculo, la programaci\u00f3n cultural de esta temporada, expuesta por el Ayuntamiento de Sevilla el pasado 25 de marzo, se presenta como una propuesta ambiciosa y diversa que abarca todas las disciplinas art\u00edsticas y refuerza el papel de la ciudad como epicentro cultural. Adem\u00e1s, este a\u00f1o la delegada de Turismo y Cultura destaca el esfuerzo del gobierno municipal por acercar la cultura a todos los p\u00fablicos y consolidar a Sevilla como un referente cultural. Se\u00f1ala en este sentido que \u201cla cultura en Sevilla no solo es tradici\u00f3n, sino tambi\u00e9n innovaci\u00f3n, vanguardia y encuentro. Con esta programaci\u00f3n queremos llegar a todos los p\u00fablicos y hacer de Sevilla una ciudad donde la cultura se viva en cada rinc\u00f3n, desde los teatros hasta las bibliotecas, desde los grandes escenarios hasta nuestros barrios\u201d.<\/span><\/p>\n<p><span style=\"font-weight: 400\">En relaci\u00f3n con el teatro, danza y artes esc\u00e9nicas en espacios emblem\u00e1ticos destaca en la programaci\u00f3n el establecimiento de la F\u00e1brica de Artiller\u00eda como un espacio esc\u00e9nico referente. Seg\u00fan la noticia, van a programar numerosos espect\u00e1culos de los cuales destacan:<\/span><\/p>\n<p><span style=\"font-weight: 400\">\u2022 <\/span><i><span style=\"font-weight: 400\">Casa de Bernarda Alba<\/span><\/i><span style=\"font-weight: 400\">, interpretada por el Colectivo de Mujeres de El Vacie, en homenaje a los 600 a\u00f1os de la llegada del pueblo gitano a Espa\u00f1a.<\/span><\/p>\n<p><span style=\"font-weight: 400\">\u2022 <\/span><i><span style=\"font-weight: 400\">Imperpetuum<\/span><\/i><span style=\"font-weight: 400\">, un espect\u00e1culo que fusiona danza contempor\u00e1nea y m\u00fasica barroca, a cargo de la Compa\u00f1\u00eda de Manuela Nogales y la Orquesta Barroca de Sevilla.<\/span><\/p>\n<p><span style=\"font-weight: 400\">\u2022 <\/span><i><span style=\"font-weight: 400\">Macbeth<\/span><\/i><span style=\"font-weight: 400\">, de Teatro Cl\u00e1sico de Sevilla, en cartelera hasta junio.<\/span><\/p>\n<p><span style=\"font-weight: 400\">Esta primavera, la m\u00fasica ser\u00e1 una gran protagonista en la programaci\u00f3n cultural sevillana con eventos destacados como el Festival de M\u00fasica Antigua de Sevilla (FEM\u00c1S), con una programaci\u00f3n especial en el Espacio Turina, o el estreno de la \u00f3pera contempor\u00e1nea P<\/span><i><span style=\"font-weight: 400\">oeta en Nueva York, de Alberto Carretero.<\/span><\/i><\/p>\n<p><span style=\"font-weight: 400\">No pod\u00eda faltar en esta programaci\u00f3n la esencia sevillana, el flamenco que seg\u00fan la delegada de Turismo y Cultura \u201cel flamenco no es solo un arte, es nuestra identidad. Por eso, seguimos apostando por su difusi\u00f3n y evoluci\u00f3n\u201d. En este sentido, se han programado iniciativas como:<\/span><\/p>\n<ul>\n<li><span style=\"font-weight: 400\"> El ciclo Amalgama, en la F\u00e1brica de Artiller\u00eda, donde se explorar\u00e1 el flamenco desde distintas perspectivas.<\/span><\/li>\n<li><span style=\"font-weight: 400\"> Archipi\u00e9lago Flamenco, que llevar\u00e1 actuaciones a diversos barrios de la ciudad hasta junio.<\/span><\/li>\n<\/ul>\n<p><span style=\"font-weight: 400\">En cuanto a exposiciones y artes visuales, esta primavera tambi\u00e9n traer\u00e1 importantes novedades en el \u00e1mbito de las artes visuales con cinco nuevas exposiciones: Dionisio Gonz\u00e1lez, en la F\u00e1brica de Artiller\u00eda; Curro Gonz\u00e1lez, en el Espacio Santa Clara; Interrelaciones y Desv\u00edos, en el Refectorio de Santa Clara y Antonio Garc\u00eda: 25 a\u00f1os de dise\u00f1o, en Casa Fabiola.<\/span><\/p>\n<p><span style=\"font-weight: 400\">Con respecto a los espacios m\u00e1s cruciales de cultura y aprendizaje, las bibliotecas desplegar\u00e1n m\u00e1s de 300 actividades entre mayo y junio, incluyendo clubes de lectura, talleres de narraci\u00f3n en residencias de mayores y exposiciones. El 23 de abril, el D\u00eda Internacional del Libro se celebrar\u00e1 con actividades en la calle y la proyecci\u00f3n del documental <\/span><i><span style=\"font-weight: 400\">Los Machado, algo m\u00e1s que hermanos.<\/span><\/i><\/p>\n<p><span style=\"font-weight: 400\">Teniendo en cuenta lo mencionado, esta primavera de 2025 traer\u00e1 una cultura para todos. Seg\u00fan la delegada de Turismo y Cultura, se concluye que \u201cLa cultura es el alma de Sevilla y nuestro compromiso es que llegue a todos los sevillanos. Esta primavera ser\u00e1 un momento excepcional para disfrutar del talento local e internacional en nuestra ciudad\u201d.<\/span><\/p>\n<p><span style=\"font-weight: 400\">Por lo tanto, gracias a esta programaci\u00f3n, el Ayuntamiento de Sevilla consolida su propuesta sobre ofrecer una cultura diversa, accesible y de calidad, que sit\u00faa a la ciudad en el centro de la escena cultural nacional e internacional.<\/span><\/p>\n<p>&nbsp;<\/p>\n<p><b>Referencias<\/b><\/p>\n<p><span style=\"font-weight: 400\">El Correo. (2025, 25 de marzo). <\/span><i><span style=\"font-weight: 400\">La cultura toma las calles de Sevilla: Programaci\u00f3n primaveral 2025<\/span><\/i><span style=\"font-weight: 400\">. El Correo de Andaluc\u00eda. https:\/\/www.elcorreoweb.es\/sevilla\/2025\/03\/25\/cultura-toma-calles-sevilla-programacion-115 665466.html\u00a0<\/span><\/p>\n","protected":false},"excerpt":{"rendered":"<p>\u00a1Hola color\u00e1s y coloraos! Os traigo en este art\u00edculo, para los m\u00e1s interesados en el arte y patrimonio, la programaci\u00f3n cultural de primavera de este 2025 a trav\u00e9s de una noticia del Correo de Andaluc\u00eda. Seg\u00fan el art\u00edculo, la programaci\u00f3n cultural de esta temporada, expuesta por el Ayuntamiento de Sevilla el pasado 25 de marzo, [&hellip;]<\/p>\n","protected":false},"author":166,"featured_media":9462,"comment_status":"open","ping_status":"open","sticky":false,"template":"","format":"standard","meta":{"_acf_changed":false,"_monsterinsights_skip_tracking":false,"_monsterinsights_sitenote_active":false,"_monsterinsights_sitenote_note":"","_monsterinsights_sitenote_category":0,"footnotes":""},"categories":[1110,23,301],"tags":[725,679],"class_list":["post-9461","post","type-post","status-publish","format-standard","has-post-thumbnail","hentry","category-noticias","category-patrimonio-vivo","category-sevilla","tag-cultura-sevilla","tag-actividades-programadas"],"blocksy_meta":[],"acf":[],"jetpack_featured_media_url":"https:\/\/www.upo.es\/patio-colorado\/wp-content\/uploads\/2025\/03\/1ee4203a-3ec3-4be3-9d1d-dbf56afc049e_16-9-discover-aspect-ratio_default_0.webp","_links":{"self":[{"href":"https:\/\/www.upo.es\/patio-colorado\/wp-json\/wp\/v2\/posts\/9461","targetHints":{"allow":["GET"]}}],"collection":[{"href":"https:\/\/www.upo.es\/patio-colorado\/wp-json\/wp\/v2\/posts"}],"about":[{"href":"https:\/\/www.upo.es\/patio-colorado\/wp-json\/wp\/v2\/types\/post"}],"author":[{"embeddable":true,"href":"https:\/\/www.upo.es\/patio-colorado\/wp-json\/wp\/v2\/users\/166"}],"replies":[{"embeddable":true,"href":"https:\/\/www.upo.es\/patio-colorado\/wp-json\/wp\/v2\/comments?post=9461"}],"version-history":[{"count":1,"href":"https:\/\/www.upo.es\/patio-colorado\/wp-json\/wp\/v2\/posts\/9461\/revisions"}],"predecessor-version":[{"id":9463,"href":"https:\/\/www.upo.es\/patio-colorado\/wp-json\/wp\/v2\/posts\/9461\/revisions\/9463"}],"wp:featuredmedia":[{"embeddable":true,"href":"https:\/\/www.upo.es\/patio-colorado\/wp-json\/wp\/v2\/media\/9462"}],"wp:attachment":[{"href":"https:\/\/www.upo.es\/patio-colorado\/wp-json\/wp\/v2\/media?parent=9461"}],"wp:term":[{"taxonomy":"category","embeddable":true,"href":"https:\/\/www.upo.es\/patio-colorado\/wp-json\/wp\/v2\/categories?post=9461"},{"taxonomy":"post_tag","embeddable":true,"href":"https:\/\/www.upo.es\/patio-colorado\/wp-json\/wp\/v2\/tags?post=9461"}],"curies":[{"name":"wp","href":"https:\/\/api.w.org\/{rel}","templated":true}]}}