{"id":9517,"date":"2025-04-10T16:01:40","date_gmt":"2025-04-10T16:01:40","guid":{"rendered":"https:\/\/www.upo.es\/patio-colorado\/?p=9517"},"modified":"2025-04-10T16:01:40","modified_gmt":"2025-04-10T16:01:40","slug":"una-mirada-al-cartel-de-semana-santa","status":"publish","type":"post","link":"https:\/\/www.upo.es\/patio-colorado\/2025\/04\/10\/una-mirada-al-cartel-de-semana-santa\/","title":{"rendered":"Una mirada al cartel de Semana Santa"},"content":{"rendered":"<p><span style=\"font-weight: 400\">\u00a1Hola color\u00e1s y coloraos!\u00a0<\/span><\/p>\n<p><span style=\"font-weight: 400\">La noticia que os traigo hoy va dirigida especialmente a los amantes del arte y la Semana Santa: el cartel de la Semana Santa de Sevilla 2025. Este cartel no es un simple anuncio, es un trabajo de arte que resuena el alma de la ciudad y su relaci\u00f3n con la Semana Santa. En su versi\u00f3n inicial, los carteles se anunciaban con escenas m\u00e1s realistas. Sin embargo, han evolucionado desde entonces, permitiendo una mayor libertad al incorporar el surrealismo, el arte contempor\u00e1neo o incluso el minimalismo.<\/span><\/p>\n<p><span style=\"font-weight: 400\">Tras la pol\u00e9mica del a\u00f1o pasado, el cartel de la Semana Santa 2025 no se detiene y por fin\u00a0 tenemos su versi\u00f3n gr\u00e1fica. El anuncio llevaba mucho tiempo en espera, provocando algunas expectativas, pero al fin tenemos la imagen definitiva.<\/span><\/p>\n<p><span style=\"font-weight: 400\">La Fundaci\u00f3n Cajasol, seg\u00fan nos informa el peri\u00f3dico ABC,\u00a0 ha abierto de manera oficial la exposici\u00f3n \u00a8Virginia Salda\u00f1a + Semana Santa<\/span><i><span style=\"font-weight: 400\">\u00a8<\/span><\/i><span style=\"font-weight: 400\"> en la sala Vel\u00e1zquez de su sede de Sevilla. Esta muestra presentar\u00e1 lo m\u00e1s \u00edntimo y hermoso del proceso de Virginia Salda\u00f1a en el cartel de la Semana Santa de Sevilla 2025 y, adem\u00e1s, una selecci\u00f3n de 16 obras relacionadas con la Semana Santa de <\/span>Sevilla.<\/p>\n<p><img loading=\"lazy\" decoding=\"async\" class=\"size-medium wp-image-9518 aligncenter\" src=\"https:\/\/www.upo.es\/patio-colorado\/wp-content\/uploads\/2025\/04\/Captura-de-pantalla-2025-04-10-175626-300x209.png\" alt=\"\" width=\"300\" height=\"209\" srcset=\"https:\/\/www.upo.es\/patio-colorado\/wp-content\/uploads\/2025\/04\/Captura-de-pantalla-2025-04-10-175626-300x209.png 300w, https:\/\/www.upo.es\/patio-colorado\/wp-content\/uploads\/2025\/04\/Captura-de-pantalla-2025-04-10-175626.png 551w\" sizes=\"auto, (max-width: 300px) 100vw, 300px\" \/><\/p>\n<p style=\"text-align: center\"><b><i>Virgi<\/i><\/b><b><i>nia Sal<\/i><\/b><b><i>da\u00f1a junto al cartel de la Semana Santa de S<\/i><\/b><b><i>evilla 2025.<\/i><\/b> <b><i>Ra\u00fal Doblado<\/i><\/b><\/p>\n<p><span style=\"font-weight: 400\">Las obras expuestas de la artista Virginia Salda\u00f1a incluyen una mayor\u00eda de\u00a0 piezas realizadas en \u00f3leo sobre lienzo de diferentes tama\u00f1os y formatos y otras series de papel e impresiones digitales intervenidas. Adem\u00e1s, acompa\u00f1a esta muestra con una selecci\u00f3n de fotograf\u00edas, para que el p\u00fablico pueda ver im\u00e1genes detalladas de algunos elementos del proceso creativo del cartel y de algunas otras obras pict\u00f3ricas.\u00a0<\/span><\/p>\n<p><span style=\"font-weight: 400\">La exhibici\u00f3n de estas obras, dirigida por Francisco Ros, forma parte del ciclo \u00a8Tramos de Cuaresma\u00a8 y se podr\u00e1 visitar de lunes a s\u00e1bado hasta el 12 de abril.<\/span><\/p>\n<ul>\n<li style=\"font-weight: 400\"><span style=\"font-weight: 400\">Horario : de 11:00 a 14:00 horas y de 18:00 a 21:00 horas.\u00a0<\/span><\/li>\n<\/ul>\n<ul>\n<li style=\"font-weight: 400\"><span style=\"font-weight: 400\">Horario de visitas guiadas: martes y s\u00e1bados a las 12:00 horas y jueves a las 19:00\u00a0 horas.\u00a0<\/span><\/li>\n<\/ul>\n<p><span style=\"font-weight: 400\">La entrada ser\u00e1 libre hasta que se complete el aforo m\u00e1ximo y a partir de 14 a\u00f1os con anticipaci\u00f3n previa mediante acceso \u00fanicamente digital previo en Fundaci\u00f3n Cajasol.<\/span><\/p>\n<p><span style=\"font-weight: 400\">Te invito a contempl<\/span>ar estas maravillosas obras y adentrarte en el proceso creativo para descubrir de qu\u00e9 manera el arte consigue convertirse en emoci\u00f3n y devoci\u00f3n.<\/p>\n<p>&nbsp;<\/p>\n<p><b>Referencia:\u00a0<\/b><\/p>\n<ul>\n<li style=\"font-weight: 400\"><span style=\"font-weight: 400\">M. J. R. Rechi. (26 de marzo de 2025). <\/span><i><span style=\"font-weight: 400\">El cartel de la Semana Santa de Sevilla de 2025 se expone en la fundaci\u00f3n Cajasol<\/span><\/i><span style=\"font-weight: 400\">. ABC de Sevilla. Recuperado de<\/span><a href=\"https:\/\/www.abc.es\/sevilla\/pasionensevilla\/noticias-semana-santa-sevilla\/cartel-semana-santa-sevilla-2025-expone-fundacion-20250326155609-nts.html\"> <span style=\"font-weight: 400\">https:\/\/www.abc.es\/sevilla\/pasionensevilla\/noticias-semana-santa-sevilla\/cartel-semana-santa-sevilla-2025-expone-fundacion-20250326155609-nts.html<\/span><span style=\"font-weight: 400\">\n<p><\/span><\/a><\/li>\n<li><span style=\"font-weight: 400\">M. J. R. Rechi. (22 de febrero de 2025). <\/span><i><span style=\"font-weight: 400\">La Macarena protagoniza el cartel de la Semana Santa de Sevilla de 2025<\/span><\/i><span style=\"font-weight: 400\">. ABC de Sevilla. Recuperado de<\/span><a href=\"https:\/\/www.abc.es\/sevilla\/pasionensevilla\/noticias-semana-santa-sevilla\/virginia-saldana-cartel-clasico-semana-santa-sevilla-20250222011141-nts.html\"> <span style=\"font-weight: 400\">https:\/\/www.abc.es\/sevilla\/pasionensevilla\/noticias-semana-santa-sevilla\/virginia-saldana-cartel-clasico-semana-santa-sevilla-20250222011141-nts.html<\/span><\/a><\/li>\n<\/ul>\n","protected":false},"excerpt":{"rendered":"<p>\u00a1Hola color\u00e1s y coloraos!\u00a0 La noticia que os traigo hoy va dirigida especialmente a los amantes del arte y la Semana Santa: el cartel de la Semana Santa de Sevilla 2025. Este cartel no es un simple anuncio, es un trabajo de arte que resuena el alma de la ciudad y su relaci\u00f3n con la [&hellip;]<\/p>\n","protected":false},"author":167,"featured_media":9519,"comment_status":"open","ping_status":"open","sticky":false,"template":"","format":"standard","meta":{"_acf_changed":false,"_monsterinsights_skip_tracking":false,"_monsterinsights_sitenote_active":false,"_monsterinsights_sitenote_note":"","_monsterinsights_sitenote_category":0,"footnotes":""},"categories":[35,1110,301],"tags":[80,128,59,6],"class_list":["post-9517","post","type-post","status-publish","format-standard","has-post-thumbnail","hentry","category-fiestas-tradiciones","category-noticias","category-sevilla","tag-actualidad","tag-artistas","tag-semanasanta","tag-sevilla"],"blocksy_meta":[],"acf":[],"jetpack_featured_media_url":"https:\/\/www.upo.es\/patio-colorado\/wp-content\/uploads\/2025\/04\/Captura-de-pantalla-2025-04-10-180055.png","_links":{"self":[{"href":"https:\/\/www.upo.es\/patio-colorado\/wp-json\/wp\/v2\/posts\/9517","targetHints":{"allow":["GET"]}}],"collection":[{"href":"https:\/\/www.upo.es\/patio-colorado\/wp-json\/wp\/v2\/posts"}],"about":[{"href":"https:\/\/www.upo.es\/patio-colorado\/wp-json\/wp\/v2\/types\/post"}],"author":[{"embeddable":true,"href":"https:\/\/www.upo.es\/patio-colorado\/wp-json\/wp\/v2\/users\/167"}],"replies":[{"embeddable":true,"href":"https:\/\/www.upo.es\/patio-colorado\/wp-json\/wp\/v2\/comments?post=9517"}],"version-history":[{"count":1,"href":"https:\/\/www.upo.es\/patio-colorado\/wp-json\/wp\/v2\/posts\/9517\/revisions"}],"predecessor-version":[{"id":9520,"href":"https:\/\/www.upo.es\/patio-colorado\/wp-json\/wp\/v2\/posts\/9517\/revisions\/9520"}],"wp:featuredmedia":[{"embeddable":true,"href":"https:\/\/www.upo.es\/patio-colorado\/wp-json\/wp\/v2\/media\/9519"}],"wp:attachment":[{"href":"https:\/\/www.upo.es\/patio-colorado\/wp-json\/wp\/v2\/media?parent=9517"}],"wp:term":[{"taxonomy":"category","embeddable":true,"href":"https:\/\/www.upo.es\/patio-colorado\/wp-json\/wp\/v2\/categories?post=9517"},{"taxonomy":"post_tag","embeddable":true,"href":"https:\/\/www.upo.es\/patio-colorado\/wp-json\/wp\/v2\/tags?post=9517"}],"curies":[{"name":"wp","href":"https:\/\/api.w.org\/{rel}","templated":true}]}}