{"id":9521,"date":"2025-04-10T16:05:58","date_gmt":"2025-04-10T16:05:58","guid":{"rendered":"https:\/\/www.upo.es\/patio-colorado\/?p=9521"},"modified":"2025-04-10T16:05:58","modified_gmt":"2025-04-10T16:05:58","slug":"arte-en-cada-azulejo","status":"publish","type":"post","link":"https:\/\/www.upo.es\/patio-colorado\/2025\/04\/10\/arte-en-cada-azulejo\/","title":{"rendered":"Arte en cada azulejo."},"content":{"rendered":"<p><span style=\"font-weight: 400\">\u00a1Hola color\u00e1s y coloraos!\u00a0<\/span><\/p>\n<p><span style=\"font-weight: 400\">Si alguna vez has caminado por las calles de Sevilla seguro que te habr\u00e1s fijado en los azulejos coloridos que decoran las fachadas, los patios, las plazas de esta ciudad. Bueno pues, \u00bfsab\u00edas que esta tradici\u00f3n tiene siglos de historia?<\/span><\/p>\n<p><span style=\"font-weight: 400\">La tradici\u00f3n de los azulejos sevillanos surge durante la \u00e9poca isl\u00e1mica, siendo utilizada la cer\u00e1mica esmaltada para decorar edificios. Ahora bien, estos no solo serv\u00edan para embellecer la ciudad, sino tambi\u00e9n para ayudar a cerrar algunas paredes y que no pasase la humedad. Con el paso del tiempo la ciudad pas\u00f3 a ser un centro importante en la producci\u00f3n\u00a0 de azulejos, destacando durante los siglos XV-XVI, despu\u00e9s de la conquista de Sevilla. Fue en ese momento en que los talleres de cer\u00e1mica de la ciudad empezaron a elaborar piezas con un estilo muy caracter\u00edstico que todav\u00eda hoy seguimos admirando.<\/span><\/p>\n<p><span style=\"font-weight: 400\">Cuando hablamos del color de estos azulejos podr\u00edamos decir que son realmente caracter\u00edsticos. Las diferentes tonalidades de azul, verde, amarillo y naranja combinan espectacularmente con los fondos blanco de las paredes o de la piedra. Y es que si prestamos atenci\u00f3n, estos azulejos no s\u00f3lo los encontramos en fachadas,\u00a0 sino que tambi\u00e9n\u00a0 decoran patios, fuentes y\u00a0 algunos suelos,\u00a0 en distintos rincones de la ciudad.<\/span><\/p>\n<p><span style=\"font-weight: 400\">Si te interesa este tema y te gustar\u00eda saber m\u00e1s sobre esta tradici\u00f3n, el Museo de Artes y Costumbres Populares en Sevilla es una buena opci\u00f3n para visitar. Aqu\u00ed, podr\u00e1s contemplar una colecci\u00f3n tan grande de azulejos que te facilitar\u00e1 la formaci\u00f3n de c\u00f3mo evolucionaron\u00a0 estas t\u00e9cnicas artesanales. Adem\u00e1s, el museo proporciona una vista guiada para conocer el proceso de creaci\u00f3n de los azulejos, que contin\u00faa siendo artesanal debido a las t\u00e9cnicas que han sido transmitidas de generaci\u00f3n en generaci\u00f3n.<\/span><\/p>\n<p><span style=\"font-weight: 400\">Otros sitios para poder contemplar estas piezas en todo su esplendor son la Plaza de Espa\u00f1a y el Real Alc\u00e1zar, en Sevilla. La Plaza de Espa\u00f1a es sin duda, uno de los lugares m\u00e1s ic\u00f3nicos de la capital, donde los bancos\u00a0 se decoran con azulejos en los que se distinguen las provincias espa\u00f1olas. Tambi\u00e9n los encontrar\u00e1s aportando color y elegancia a\u00a0 los patios del Real Alc\u00e1zar.<\/span><\/p>\n<p style=\"text-align: center\"><img loading=\"lazy\" decoding=\"async\" class=\"alignnone size-medium wp-image-9522\" src=\"https:\/\/www.upo.es\/patio-colorado\/wp-content\/uploads\/2025\/04\/Captura-de-pantalla-2025-04-10-180229-300x213.png\" alt=\"\" width=\"300\" height=\"213\" srcset=\"https:\/\/www.upo.es\/patio-colorado\/wp-content\/uploads\/2025\/04\/Captura-de-pantalla-2025-04-10-180229-300x213.png 300w, https:\/\/www.upo.es\/patio-colorado\/wp-content\/uploads\/2025\/04\/Captura-de-pantalla-2025-04-10-180229.png 655w\" sizes=\"auto, (max-width: 300px) 100vw, 300px\" \/><\/p>\n<p style=\"text-align: center\"><b><i>Crist\u00f3bal de Augusta, Real Alc\u00e1zar.<\/i><\/b><\/p>\n<p><span style=\"font-weight: 400\">Hasta el d\u00eda de hoy, los artesanos sevillanos siguen fabricando estas piezas de variados tama\u00f1os y colores\u00a0 de manera artesanal, manteniendo esta tradici\u00f3n tan importante transmitida en la historia de nuestra ciudad. Si alguna vez paseas por las calles de Sevilla, t\u00f3mate un segundo para apreciar la belleza de estos azulejos sevillanos, que en su forma y color guardan siglos de historias.\u00a0<\/span><\/p>\n<p>&nbsp;<\/p>\n<p><span style=\"font-weight: 400\">Fuentes:\u00a0<\/span><\/p>\n<ul>\n<li style=\"font-weight: 400\"><span style=\"font-weight: 400\">Breve historia del azulejo sevillano. (s.f.). <\/span><i><span style=\"font-weight: 400\">Breve historia del azulejo sevillano<\/span><\/i><span style=\"font-weight: 400\">. Tu Gu\u00eda de Sevilla.<\/span><a href=\"https:\/\/tuguiadesevilla.com\/breve-historia-del-azulejo-sevillano\/\"> <span style=\"font-weight: 400\">https:\/\/tuguiadesevilla.com\/breve-historia-del-azulejo-sevillano\/<\/span><\/a><\/li>\n<\/ul>\n<ul>\n<li style=\"font-weight: 400\"><span style=\"font-weight: 400\">Los azulejos. (s.f.). <\/span><i><span style=\"font-weight: 400\">Los azulejos<\/span><\/i><span style=\"font-weight: 400\">. Museo de Artes y Costumbres Populares de Sevilla.<\/span><a href=\"https:\/\/www.museosdeandalucia.es\/web\/museodeartesycostumbrespopularesdesevilla\/los-azulejos\"> <span style=\"font-weight: 400\">https:\/\/www.museosdeandalucia.es\/web\/museodeartesycostumbrespopularesdesevilla\/los-azulejos<\/span><\/a><\/li>\n<\/ul>\n<ul>\n<li style=\"font-weight: 400\"><span style=\"font-weight: 400\">Artesan\u00eda Sevilla. (s.f.). <\/span><i><span style=\"font-weight: 400\">Los azulejos sevillanos: un elemento de la arquitectura hist\u00f3rica de la ciudad<\/span><\/i><span style=\"font-weight: 400\">. Artesan\u00eda Sevilla. <\/span><a href=\"https:\/\/www.artesaniasevilla.com\/es\/blog\/blog\/azulejos-sevillanos-un-elemento-de-arquitectura-historica-de-ciudad\"><span style=\"font-weight: 400\">https:\/\/www.artesaniasevilla.com\/es\/blog\/blog\/azulejos-sevillanos-un-elemento-de-arquitectura-historica-de-ciudad<\/span><\/a><\/li>\n<\/ul>\n","protected":false},"excerpt":{"rendered":"<p>\u00a1Hola color\u00e1s y coloraos!\u00a0 Si alguna vez has caminado por las calles de Sevilla seguro que te habr\u00e1s fijado en los azulejos coloridos que decoran las fachadas, los patios, las plazas de esta ciudad. Bueno pues, \u00bfsab\u00edas que esta tradici\u00f3n tiene siglos de historia? La tradici\u00f3n de los azulejos sevillanos surge durante la \u00e9poca isl\u00e1mica, [&hellip;]<\/p>\n","protected":false},"author":167,"featured_media":9523,"comment_status":"open","ping_status":"open","sticky":false,"template":"","format":"standard","meta":{"_acf_changed":false,"_monsterinsights_skip_tracking":false,"_monsterinsights_sitenote_active":false,"_monsterinsights_sitenote_note":"","_monsterinsights_sitenote_category":0,"footnotes":""},"categories":[24,166,167,301],"tags":[64,332,28,15],"class_list":["post-9521","post","type-post","status-publish","format-standard","has-post-thumbnail","hentry","category-conservacion-y-restauracion","category-historia-arqueologia","category-pintura-escultura","category-sevilla","tag-patrimonio","tag-sevilla-cultura","tag-arte","tag-artesania"],"blocksy_meta":[],"acf":[],"jetpack_featured_media_url":"https:\/\/www.upo.es\/patio-colorado\/wp-content\/uploads\/2025\/04\/Captura-de-pantalla-2025-04-10-180457.png","_links":{"self":[{"href":"https:\/\/www.upo.es\/patio-colorado\/wp-json\/wp\/v2\/posts\/9521","targetHints":{"allow":["GET"]}}],"collection":[{"href":"https:\/\/www.upo.es\/patio-colorado\/wp-json\/wp\/v2\/posts"}],"about":[{"href":"https:\/\/www.upo.es\/patio-colorado\/wp-json\/wp\/v2\/types\/post"}],"author":[{"embeddable":true,"href":"https:\/\/www.upo.es\/patio-colorado\/wp-json\/wp\/v2\/users\/167"}],"replies":[{"embeddable":true,"href":"https:\/\/www.upo.es\/patio-colorado\/wp-json\/wp\/v2\/comments?post=9521"}],"version-history":[{"count":1,"href":"https:\/\/www.upo.es\/patio-colorado\/wp-json\/wp\/v2\/posts\/9521\/revisions"}],"predecessor-version":[{"id":9524,"href":"https:\/\/www.upo.es\/patio-colorado\/wp-json\/wp\/v2\/posts\/9521\/revisions\/9524"}],"wp:featuredmedia":[{"embeddable":true,"href":"https:\/\/www.upo.es\/patio-colorado\/wp-json\/wp\/v2\/media\/9523"}],"wp:attachment":[{"href":"https:\/\/www.upo.es\/patio-colorado\/wp-json\/wp\/v2\/media?parent=9521"}],"wp:term":[{"taxonomy":"category","embeddable":true,"href":"https:\/\/www.upo.es\/patio-colorado\/wp-json\/wp\/v2\/categories?post=9521"},{"taxonomy":"post_tag","embeddable":true,"href":"https:\/\/www.upo.es\/patio-colorado\/wp-json\/wp\/v2\/tags?post=9521"}],"curies":[{"name":"wp","href":"https:\/\/api.w.org\/{rel}","templated":true}]}}