{"id":9529,"date":"2025-04-10T16:13:56","date_gmt":"2025-04-10T16:13:56","guid":{"rendered":"https:\/\/www.upo.es\/patio-colorado\/?p=9529"},"modified":"2025-04-10T16:13:56","modified_gmt":"2025-04-10T16:13:56","slug":"tesoros-de-la-humanidad-la-juderia-y-el-albaicin","status":"publish","type":"post","link":"https:\/\/www.upo.es\/patio-colorado\/2025\/04\/10\/tesoros-de-la-humanidad-la-juderia-y-el-albaicin\/","title":{"rendered":"Tesoros de la humanidad: la Juder\u00eda y el Albaic\u00edn."},"content":{"rendered":"<p><span style=\"font-weight: 400\">\u00a1Hola color\u00e1s y coloraos!\u00a0<\/span><\/p>\n<p><span style=\"font-weight: 400\">Para los amantes del patrimonio, hoy os traigo una curiosidad sobre nuestro patrimonio nacional. \u00bfSab\u00edas que la Juder\u00eda en Sevilla y el Albaic\u00edn en Granada son los dos \u00fanicos barrios andaluces considerados Patrimonio de la Humanidad? Estas calles, que mantienen la herencia \u00e1rabe, son el reflejo de siglos de historia y derivados culturales.<\/span><\/p>\n<p><span style=\"font-weight: 400\">En Granada, El Albaic\u00edn, es un barrio con calles empinadas, casas blanquecinas y tejados rojizos que se levantan frente a la espectacular Alhambra. Mucho antes de que los nazar\u00eds tomasen el control de la ciudad, este barrio fue el n\u00facleo de la ciudad, d\u00f3nde se asentaba la poblaci\u00f3n. Destaca por su arquitectura religiosa y sus viviendas \u00fanicas: el carmen. Sus estrechas y empinadas calles invitan a recorrer sus caminos y admirar la mezcla de culturas que perduran hasta el d\u00eda de hoy. Las flores que adornan sus fachadas y el sonido del flamenco inundan sus calles a lo largo del a\u00f1o, atrayendo a m\u00e1s turistas cada vez.\u00a0<\/span><\/p>\n<p style=\"text-align: center\"><img loading=\"lazy\" decoding=\"async\" class=\"alignnone size-medium wp-image-9531\" src=\"https:\/\/www.upo.es\/patio-colorado\/wp-content\/uploads\/2025\/04\/Captura-de-pantalla-2025-04-10-181034-300x300.png\" alt=\"\" width=\"300\" height=\"300\" srcset=\"https:\/\/www.upo.es\/patio-colorado\/wp-content\/uploads\/2025\/04\/Captura-de-pantalla-2025-04-10-181034-300x300.png 300w, https:\/\/www.upo.es\/patio-colorado\/wp-content\/uploads\/2025\/04\/Captura-de-pantalla-2025-04-10-181034-150x150.png 150w, https:\/\/www.upo.es\/patio-colorado\/wp-content\/uploads\/2025\/04\/Captura-de-pantalla-2025-04-10-181034.png 391w\" sizes=\"auto, (max-width: 300px) 100vw, 300px\" \/><\/p>\n<p style=\"text-align: center\"><b><i>Vistas del Albaic\u00edn, Granada.<\/i><\/b><\/p>\n<p><span style=\"font-weight: 400\">En C\u00f3rdoba, la Juder\u00eda muestra el contraste de su antigua arquitectura sefard\u00ed y sus laber\u00ednticas calles adoquinadas. Lugares como la Calleja de las Flores con macetas azules decorando sus paredes o la Calleja del Pa\u00f1uelo con una anchura de 76 cent\u00edmetros, son\u00a0 dos de los lugares preferidos de los turistas. La famosa Sinagoga de C\u00f3rdoba, las fachadas blancas, los patios y los balcones llenos de flores muestran la esencia de este lugar, llevando a sus visitantes a apreciar la mezcla de culturas jud\u00eda y cristiana, visibles hoy en d\u00eda.<\/span><\/p>\n<p style=\"text-align: center\"><img loading=\"lazy\" decoding=\"async\" class=\"alignnone size-medium wp-image-9530\" src=\"https:\/\/www.upo.es\/patio-colorado\/wp-content\/uploads\/2025\/04\/Captura-de-pantalla-2025-04-10-181027-300x294.png\" alt=\"\" width=\"300\" height=\"294\" srcset=\"https:\/\/www.upo.es\/patio-colorado\/wp-content\/uploads\/2025\/04\/Captura-de-pantalla-2025-04-10-181027-300x294.png 300w, https:\/\/www.upo.es\/patio-colorado\/wp-content\/uploads\/2025\/04\/Captura-de-pantalla-2025-04-10-181027.png 375w\" sizes=\"auto, (max-width: 300px) 100vw, 300px\" \/><\/p>\n<p style=\"text-align: center\"><b><i>La juder\u00eda, C\u00f3rdoba.<\/i><\/b><\/p>\n<p><span style=\"font-weight: 400\">Estos dos barrios son la prueba de c\u00f3mo la cultura y la historia se mezclan con cada paso, dejando ver en sus calles esta identidad \u00fanica. Estas dos joyas andaluzas, al ser reconocidas como Patrimonio de la Humanidad en 1994 por la UNESCO, muestran su valor cultural a nivel universal, situ\u00e1ndose, por su reconocimiento, al nivel de obras arquitect\u00f3nicas como el Taj Mahal en la India o la Gran Muralla China en China.<\/span><\/p>\n<p><span style=\"font-weight: 400\">Si tienes la oportunidad, te animo a pasear por estos barrios y admirar la fusi\u00f3n de culturas retenida en ellos. \u00a1An\u00edmate y vive la experiencia por t\u00ed mismo!<\/span><\/p>\n<p>&nbsp;<\/p>\n<p>&nbsp;<\/p>\n<p><span style=\"font-weight: 400\">Fuentes:<\/span><\/p>\n<ul>\n<li style=\"font-weight: 400\"><span style=\"font-weight: 400\">Chuet, J. P. (2025, 6 de marzo). <\/span><i><span style=\"font-weight: 400\">La Juder\u00eda y el Albaic\u00edn, los \u00fanicos dos barrios de Andaluc\u00eda que son Patrimonio de la Humanidad<\/span><\/i><span style=\"font-weight: 400\">. Viajes National Geographic. Recuperado 5 de abril, 2025, de <\/span><a href=\"https:\/\/viajes.nationalgeographic.com.es\/lifestyle\/unicos-dos-barrios-andalucia-que-son-patrimonio-humanidad_22103\"><span style=\"font-weight: 400\">https:\/\/viajes.nationalgeographic.com.es\/lifestyle\/unicos-dos-barrios-andalucia-que-son-patrimonio-humanidad_22103<\/span><\/a><span style=\"font-weight: 400\">\u00a0<\/span><\/li>\n<li style=\"font-weight: 400\"><span style=\"font-weight: 400\">La juder\u00eda de C\u00f3rdoba (Espa\u00f1a). (s.f.). <\/span><i><span style=\"font-weight: 400\">La juder\u00eda de C\u00f3rdoba (Espa\u00f1a). <\/span><\/i><span style=\"font-weight: 400\">Turismo de C\u00f3rdoba. Recuperado 4 de abril, 2025, de <\/span><a href=\"https:\/\/www.turismodecordoba.org\/la-juderia-de-cordoba\"><span style=\"font-weight: 400\">https:\/\/www.turismodecordoba.org\/la-juderia-de-cordoba<\/span><\/a><span style=\"font-weight: 400\">\u00a0<\/span><\/li>\n<li style=\"font-weight: 400\"><span style=\"font-weight: 400\">Patrimonio Mundial Agencia Albaic\u00edn. (2024, November 13). <\/span><i><span style=\"font-weight: 400\">Patrimonio Mundial Agencia Albaic\u00edn. <\/span><\/i><span style=\"font-weight: 400\">Agencia Albaic\u00edn. Recuperado 2 de abril, 2025, de <\/span><a href=\"https:\/\/www.albaicin-granada.com\/patrimonio-mundial\/\"><span style=\"font-weight: 400\">https:\/\/www.albaicin-granada.com\/patrimonio-mundial\/<\/span><\/a><span style=\"font-weight: 400\">\u00a0<\/span><\/li>\n<\/ul>\n<p><span style=\"font-weight: 400\">Alhambra-Albaic\u00edn Patrimonio de la Humanidad. (s.f.). <\/span><i><span style=\"font-weight: 400\">Alhambra-Albaic\u00edn Patrimonio de la Humanidad.<\/span><\/i><span style=\"font-weight: 400\"> Patronato de la Alhambra y Generalife. Recuperado 5 de abril, 2025, de <\/span><a href=\"https:\/\/www.alhambra-patronato.es\/disfrutar\/alhambra-albaicin-patrimonio-de-la-humanidad\"><span style=\"font-weight: 400\">https:\/\/www.alhambra-patronato.es\/disfrutar\/alhambra-albaicin-patrimonio-de-la-humanidad<\/span><\/a><\/p>\n","protected":false},"excerpt":{"rendered":"<p>\u00a1Hola color\u00e1s y coloraos!\u00a0 Para los amantes del patrimonio, hoy os traigo una curiosidad sobre nuestro patrimonio nacional. \u00bfSab\u00edas que la Juder\u00eda en Sevilla y el Albaic\u00edn en Granada son los dos \u00fanicos barrios andaluces considerados Patrimonio de la Humanidad? Estas calles, que mantienen la herencia \u00e1rabe, son el reflejo de siglos de historia y [&hellip;]<\/p>\n","protected":false},"author":167,"featured_media":9532,"comment_status":"open","ping_status":"open","sticky":false,"template":"","format":"standard","meta":{"_acf_changed":false,"_monsterinsights_skip_tracking":false,"_monsterinsights_sitenote_active":false,"_monsterinsights_sitenote_note":"","_monsterinsights_sitenote_category":0,"footnotes":""},"categories":[304,305,403,170,1110,44],"tags":[345,179,346,210,259],"class_list":["post-9529","post","type-post","status-publish","format-standard","has-post-thumbnail","hentry","category-cordoba","category-granada","category-historias-y-mucho-mas","category-monumentos-y-turismo","category-noticias","category-patrimonio","tag-cordoba","tag-granada","tag-patrimoniocultural","tag-historia","tag-turismo"],"blocksy_meta":[],"acf":[],"jetpack_featured_media_url":"https:\/\/www.upo.es\/patio-colorado\/wp-content\/uploads\/2025\/04\/Captura-de-pantalla-2025-04-10-181327.png","_links":{"self":[{"href":"https:\/\/www.upo.es\/patio-colorado\/wp-json\/wp\/v2\/posts\/9529","targetHints":{"allow":["GET"]}}],"collection":[{"href":"https:\/\/www.upo.es\/patio-colorado\/wp-json\/wp\/v2\/posts"}],"about":[{"href":"https:\/\/www.upo.es\/patio-colorado\/wp-json\/wp\/v2\/types\/post"}],"author":[{"embeddable":true,"href":"https:\/\/www.upo.es\/patio-colorado\/wp-json\/wp\/v2\/users\/167"}],"replies":[{"embeddable":true,"href":"https:\/\/www.upo.es\/patio-colorado\/wp-json\/wp\/v2\/comments?post=9529"}],"version-history":[{"count":1,"href":"https:\/\/www.upo.es\/patio-colorado\/wp-json\/wp\/v2\/posts\/9529\/revisions"}],"predecessor-version":[{"id":9533,"href":"https:\/\/www.upo.es\/patio-colorado\/wp-json\/wp\/v2\/posts\/9529\/revisions\/9533"}],"wp:featuredmedia":[{"embeddable":true,"href":"https:\/\/www.upo.es\/patio-colorado\/wp-json\/wp\/v2\/media\/9532"}],"wp:attachment":[{"href":"https:\/\/www.upo.es\/patio-colorado\/wp-json\/wp\/v2\/media?parent=9529"}],"wp:term":[{"taxonomy":"category","embeddable":true,"href":"https:\/\/www.upo.es\/patio-colorado\/wp-json\/wp\/v2\/categories?post=9529"},{"taxonomy":"post_tag","embeddable":true,"href":"https:\/\/www.upo.es\/patio-colorado\/wp-json\/wp\/v2\/tags?post=9529"}],"curies":[{"name":"wp","href":"https:\/\/api.w.org\/{rel}","templated":true}]}}