{"id":9574,"date":"2025-04-11T18:59:17","date_gmt":"2025-04-11T18:59:17","guid":{"rendered":"https:\/\/www.upo.es\/patio-colorado\/?p=9574"},"modified":"2025-04-14T16:29:41","modified_gmt":"2025-04-14T16:29:41","slug":"la-asociacion-velazquez-por-sevilla-pide-declarar-bic-un-cuadro-de-velazquez-y-comprarlo-para-el-bellas-artes-de-sevilla","status":"publish","type":"post","link":"https:\/\/www.upo.es\/patio-colorado\/2025\/04\/11\/la-asociacion-velazquez-por-sevilla-pide-declarar-bic-un-cuadro-de-velazquez-y-comprarlo-para-el-bellas-artes-de-sevilla\/","title":{"rendered":"La asociaci\u00f3n Vel\u00e1zquez por Sevilla pide declarar BIC un cuadro de Vel\u00e1zquez y comprarlo para el Bellas Artes de Sevilla"},"content":{"rendered":"<p>Hay inquietud en el mundo del arte en Sevilla ante el riesgo de que se venda en Holanda el cuadro <em>Madre Jer\u00f3nima de la Fuente<\/em> de Vel\u00e1zquez, que se encuentra expuesto en la Feria de Arte Tefaf de Maastricht.<\/p>\n<p>La asociaci\u00f3n Vel\u00e1zquez por Sevilla ha presentado un escrito ante el Ministerio de Cultura en el que pide que declare la obra bien de inter\u00e9s cultural (BIC) con el objetivo de que tenga la condici\u00f3n de \u201cinexportable\u201d y no pueda ser vendido fuera de Espa\u00f1a. Adem\u00e1s, solicita al Ministerio de Cultura que adquiera el cuadro, que est\u00e1 en venta por parte de la galer\u00eda Stuart Lochhead Sculpture en la feria Tefal.\u00a0 La asociaci\u00f3n reclama a todas las administraciones, y en particular a la Junta de Andaluc\u00eda que hagan todo lo posible para que la obra pase a formar parte del Museo de Bellas Artes de Sevilla por su valor como obra maestra de Vel\u00e1zquez realizada en sus a\u00f1os de formaci\u00f3n en la ciudad antes de su marcha a Madrid.<\/p>\n<p>El Ministerio de Cultura ha afirmado que el cuadro no est\u00e1 en venta sino con un permiso de exportaci\u00f3n temporal en Maastricht, y si quisieran venderlo tendr\u00edan que solicitar autorizaci\u00f3n estatal al Ministerio de Cultura que es a quien corresponde decidir la inexportabilidad o la autorizaci\u00f3n de su venta. A\u00f1ade tambi\u00e9n que la declaraci\u00f3n del bien como BIC para obtener el m\u00e1ximo grado de protecci\u00f3n corresponde a la Comunidad de Madrid ya que el lienzo <span style=\"font-style: normal !msorm\"><em>Madre Jer\u00f3nima de la Fuente<\/em><\/span> pertenece a una colecci\u00f3n privada inventariada en Madrid.<\/p>\n<p>Sor Jer\u00f3nima de la Fuente Y\u00e1\u00f1ez fue una monja franciscana del convento Santa Isabel de Toledo que en 1620 pas\u00f3 por Sevilla de camino a Filipinas para fundar un convento de su orden, Santa Clara de la Concepci\u00f3n, en el que fue abadesa y en el que muri\u00f3 en 1630. En su breve estancia en Sevilla la fortuna hizo que Vel\u00e1zquez realizara al menos dos retratos similares de la religiosa y de calidad semejante. Ambos son \u00f3leos sobre lienzo de tama\u00f1o (160 x 110 cm) firmados y fechados en 1620.<\/p>\n<p><img loading=\"lazy\" decoding=\"async\" class=\"wp-image-9575 aligncenter\" src=\"https:\/\/www.upo.es\/patio-colorado\/wp-content\/uploads\/2025\/04\/La-venerable-madre-Jeronima-de-la-Fuente-1-200x300.jpg\" alt=\"\" width=\"379\" height=\"569\" srcset=\"https:\/\/www.upo.es\/patio-colorado\/wp-content\/uploads\/2025\/04\/La-venerable-madre-Jeronima-de-la-Fuente-1-200x300.jpg 200w, https:\/\/www.upo.es\/patio-colorado\/wp-content\/uploads\/2025\/04\/La-venerable-madre-Jeronima-de-la-Fuente-1-683x1024.jpg 683w, https:\/\/www.upo.es\/patio-colorado\/wp-content\/uploads\/2025\/04\/La-venerable-madre-Jeronima-de-la-Fuente-1-768x1151.jpg 768w, https:\/\/www.upo.es\/patio-colorado\/wp-content\/uploads\/2025\/04\/La-venerable-madre-Jeronima-de-la-Fuente-1-1025x1536.jpg 1025w, https:\/\/www.upo.es\/patio-colorado\/wp-content\/uploads\/2025\/04\/La-venerable-madre-Jeronima-de-la-Fuente-1.jpg 1281w\" sizes=\"auto, (max-width: 379px) 100vw, 379px\" \/><\/p>\n<p style=\"text-align: center\">El lienzo <em>Madre Jer\u00f3nima de la Fuente<\/em> de Diego Vel\u00e1zquez<\/p>\n<p>Presentan a Sor Jer\u00f3nima de pie, de cuerpo entero, y apenas difieren en la posici\u00f3n del crucifijo; uno se conserva en el Museo del Prado y otro, el objeto de este art\u00edculo, en la madrile\u00f1a colecci\u00f3n Fern\u00e1ndez Ara\u00f3z. Vel\u00e1zquez aplica de forma directa el color; sobre el fondo oscuro y los tonos pardos del h\u00e1bito destacan la fuerza de las manos, los bordes del libro y el crucifijo. La toga blanca y la luz subrayan los rasgos y la expresividad del rostro de Sor Jer\u00f3nima y plasma la energ\u00eda, vitalidad y determinaci\u00f3n de la monja que, a la edad de 64 a\u00f1os, se lanza a esa aventura.<\/p>\n<p>La petici\u00f3n de la asociaci\u00f3n Vel\u00e1zquez por Sevilla y la respuesta del Ministerio ha generado mucha repercusi\u00f3n y pol\u00e9mica en la prensa y las consabidas declaraciones de la Junta de Andaluc\u00eda y otras instituciones. Parece existir cierta confusi\u00f3n entre la calificaci\u00f3n de un bien como Bien de Inter\u00e9s Cultural (BIC) y la consideraci\u00f3n de un bien como inexportable.\u00a0 Ambos aspectos, el nivel de protecci\u00f3n de un bien y la autorizaci\u00f3n o prohibici\u00f3n de exportaci\u00f3n, est\u00e1n regulados espec\u00edficamente por la Ley del Patrimonio Hist\u00f3rico Espa\u00f1ol (LPHE), son procesos administrativos distintos y, aunque est\u00e1n relacionados, no se implican mutuamente.<\/p>\n<p>La LPHE establece tres niveles de protecci\u00f3n de un bien: Patrimonio Hist\u00f3rico Espa\u00f1ol, Inventario General de Bienes Muebles y el m\u00e1s alto, Bienes de Inter\u00e9s Cultural (BIC). La iniciativa de protecci\u00f3n de un bien corresponde a la administraci\u00f3n en la que est\u00e9 inventariado el bien, sea la Administraci\u00f3n Central o una Comunidad Aut\u00f3noma. Para ello debe incoar y tramitar el correspondiente expediente administrativo y obtener el informe favorable de la instituci\u00f3n t\u00e9cnica competente. En el caso de que un bien sea declarado BIC, pasa a ser de dominio p\u00fablico, aunque sea de propiedad privada, y goza del mayor nivel de protecci\u00f3n recayendo sobre \u00e9l una serie de obligaciones y derechos que var\u00edan seg\u00fan el tipo de bien. Si se autoriza su venta, la Administraci\u00f3n tiene el derecho de tanteo y retracto.<\/p>\n<p>Sin embargo, la declaraci\u00f3n de si un bien es o no exportable, es competencia exclusiva de la Administraci\u00f3n General del Estado (el Ministerio de Cultura), ella es quien puede autorizar o prohibir su venta al extranjero. Un bien sobre el que se haya iniciado un expediente de protecci\u00f3n, aunque a\u00fan no haya obtenido la calificaci\u00f3n BIC (por errores, inacci\u00f3n, olvido de la Comunidad Aut\u00f3noma, etc.) puede ser declarado inexportable; se evita as\u00ed el riesgo de que piezas de gran valor hist\u00f3rico pudieran ser vendidas fuera del pa\u00eds por cualquier defecto de procedimiento.<\/p>\n<p>La Asociaci\u00f3n Vel\u00e1zquez por Sevilla reclama que se haga uso del derecho de tanteo para comprar el cuadro <span style=\"font-style: normal !msorm\"><em>Madre Jer\u00f3nima de la Fuente<\/em><\/span>. Su iniciativa ha logrado poner el tema en los medios de comunicaci\u00f3n y ha activado a la Junta de Andaluc\u00eda que ya ha solicitado a la Comunidad de Madrid que inicie el correspondiente expediente de declaraci\u00f3n de la pieza como BIC. A partir de ah\u00ed, se tratar\u00e1 de unir voluntades entre Ministerio, Junta y otras instituciones para comprar el cuadro y que llegue a formar parte de los fondos del Museo de Bellas Artes de Sevilla.<\/p>\n<p>Como sostiene Vel\u00e1zquez por Sevilla, esta obra realizada por Vel\u00e1zquez en 1620 en su etapa sevillana es una pieza excepcional del patrimonio art\u00edstico espa\u00f1ol. \u201cSu valor trasciende lo meramente est\u00e9tico, pues representa un testimonio \u00fanico de la maestr\u00eda del genio barroco en sus a\u00f1os de formaci\u00f3n\u201d. Es una oportunidad para que vuelva a Sevilla, \u201clugar al que pertenece por procedencia cultural, sentimental y geogr\u00e1fica\u201d. Su destino id\u00f3neo es el Museo de Bellas Artes, \u201ccuya ampliaci\u00f3n tienen pendiente desde hace a\u00f1os el Ministerio de Cultura como titular y la Junta de Andaluc\u00eda como responsable de su gesti\u00f3n\u201d.<\/p>\n<p>Felicitaciones y \u00e9xito a Vel\u00e1zquez por Sevilla. Una vez m\u00e1s la sociedad civil, la ciudadan\u00eda toma la iniciativa demandando la protecci\u00f3n del Patrimonio Hist\u00f3rico de Andaluc\u00eda.<\/p>\n<p><strong>Referencias<\/strong><\/p>\n<p>Alcolea Gil, S. (1999).<em> Vel\u00e1zquez. La esencia del tiempo<\/em>. C\u00edrculo de lectores<\/p>\n<p>Europa Press (2025, 11 de marzo) <em>Piden declarar BIC un cuadro de Vel\u00e1zquez expuesto en una feria en Holanda y comprarlo para el Bellas Artes de Sevilla<\/em>. Europa Press. https:\/\/www.europapress.es\/andalucia\/sevilla-00357\/noticia-piden-gobierno-declare-bic-lienzo-velazquez-venta-compre-museo-bellas-artes-sevilla-20250311111938.html<\/p>\n<p>Ley 16\/1985, de 25 de junio, del Patrimonio Hist\u00f3rico Espa\u00f1ol (LPHE) <a href=\"https:\/\/www.boe.es\/buscar\/act.php?id=BOE-A-1985-12534\">https:\/\/www.boe.es\/buscar\/act.php?id=BOE-A-1985-12534<\/a><\/p>\n<p><a href=\"https:\/\/www.cultura.gob.es\/cultura\/patrimonio\/bienes-culturales-protegidos\/niveles-de-proteccion\/regimen-general.html\">https:\/\/www.cultura.gob.es\/cultura\/patrimonio\/bienes-culturales-protegidos\/niveles-de-proteccion\/regimen-general.html<\/a><\/p>\n<p>Museo del Prado (s.f.). <em>La venerable madre Jer\u00f3nima de la Fuente <\/em><strong><a href=\"https:\/\/www.museodelprado.es\/coleccion\/obra-de-arte\/la-venerable-madre-jeronima-de-la-fuente\/7fdeb84a-a3ba-42c9-a4d1-ebca272878ce\">https:\/\/www.museodelprado.es\/coleccion\/obra-de-arte\/la-venerable-madre-jeronima-de-la-fuente\/7fdeb84a-a3ba-42c9-a4d1-ebca272878ce<\/a><\/strong><\/p>\n","protected":false},"excerpt":{"rendered":"<p>Hay inquietud en el mundo del arte en Sevilla ante el riesgo de que se venda en Holanda el cuadro Madre Jer\u00f3nima de la Fuente de Vel\u00e1zquez, que se encuentra expuesto en la Feria de Arte Tefaf de Maastricht. La asociaci\u00f3n Vel\u00e1zquez por Sevilla ha presentado un escrito ante el Ministerio de Cultura en el [&hellip;]<\/p>\n","protected":false},"author":161,"featured_media":9576,"comment_status":"open","ping_status":"open","sticky":false,"template":"","format":"standard","meta":{"_acf_changed":false,"_monsterinsights_skip_tracking":false,"_monsterinsights_sitenote_active":false,"_monsterinsights_sitenote_note":"","_monsterinsights_sitenote_category":0,"footnotes":""},"categories":[44],"tags":[160,578,692,784],"class_list":["post-9574","post","type-post","status-publish","format-standard","has-post-thumbnail","hentry","category-patrimonio","tag-pintura","tag-bic","tag-diego-velazquez","tag-patrimonio-cultural"],"blocksy_meta":[],"acf":[],"jetpack_featured_media_url":"https:\/\/www.upo.es\/patio-colorado\/wp-content\/uploads\/2025\/04\/velazquez-jeronimafuente-araoz-RUPYKZ1duu3EUaVLwik3gTL-1200x840@diario_abc.webp","_links":{"self":[{"href":"https:\/\/www.upo.es\/patio-colorado\/wp-json\/wp\/v2\/posts\/9574","targetHints":{"allow":["GET"]}}],"collection":[{"href":"https:\/\/www.upo.es\/patio-colorado\/wp-json\/wp\/v2\/posts"}],"about":[{"href":"https:\/\/www.upo.es\/patio-colorado\/wp-json\/wp\/v2\/types\/post"}],"author":[{"embeddable":true,"href":"https:\/\/www.upo.es\/patio-colorado\/wp-json\/wp\/v2\/users\/161"}],"replies":[{"embeddable":true,"href":"https:\/\/www.upo.es\/patio-colorado\/wp-json\/wp\/v2\/comments?post=9574"}],"version-history":[{"count":4,"href":"https:\/\/www.upo.es\/patio-colorado\/wp-json\/wp\/v2\/posts\/9574\/revisions"}],"predecessor-version":[{"id":9589,"href":"https:\/\/www.upo.es\/patio-colorado\/wp-json\/wp\/v2\/posts\/9574\/revisions\/9589"}],"wp:featuredmedia":[{"embeddable":true,"href":"https:\/\/www.upo.es\/patio-colorado\/wp-json\/wp\/v2\/media\/9576"}],"wp:attachment":[{"href":"https:\/\/www.upo.es\/patio-colorado\/wp-json\/wp\/v2\/media?parent=9574"}],"wp:term":[{"taxonomy":"category","embeddable":true,"href":"https:\/\/www.upo.es\/patio-colorado\/wp-json\/wp\/v2\/categories?post=9574"},{"taxonomy":"post_tag","embeddable":true,"href":"https:\/\/www.upo.es\/patio-colorado\/wp-json\/wp\/v2\/tags?post=9574"}],"curies":[{"name":"wp","href":"https:\/\/api.w.org\/{rel}","templated":true}]}}