{"id":9609,"date":"2025-04-21T08:31:45","date_gmt":"2025-04-21T08:31:45","guid":{"rendered":"https:\/\/www.upo.es\/patio-colorado\/?p=9609"},"modified":"2025-04-21T08:31:45","modified_gmt":"2025-04-21T08:31:45","slug":"el-femas-llega-al-teatro-de-la-maestranza","status":"publish","type":"post","link":"https:\/\/www.upo.es\/patio-colorado\/2025\/04\/21\/el-femas-llega-al-teatro-de-la-maestranza\/","title":{"rendered":"El FeM\u00c0S llega al Teatro de la Maestranza"},"content":{"rendered":"<p><span style=\"font-weight: 400\">\u00a1Hola color\u00e1s y coloraos!\u00a0<\/span><\/p>\n<p><span style=\"font-weight: 400\">Desde el pasado 21 de marzo, el Festival de M\u00fasica Antigua de Sevilla (FeM\u00c0S) ha dado la bienvenida a la primavera sevillana con su programaci\u00f3n musical. Esta semana, en la recta final del festival, el Teatro de la Maestranza acoger\u00e1 el espect\u00e1culo de I Gemelli (7 de abril) y la Freiburger Barockorchester junto a Vox Luminis (13 de abril).\u00a0<\/span><\/p>\n<p><span style=\"font-weight: 400\">Seg\u00fan ha se\u00f1alado Angie Moreno, delegada de Turismo y Cultura, el FeM\u00c0S reafirma su uni\u00f3n con el Teatro de la Maestranza presentando dos de los grandes espect\u00e1culos de esta temporada, coincidiendo con una fecha especialmente significativa en el calendario andaluz: la Semana Santa. Adem\u00e1s, ha destacado la excelente acogida por parte del p\u00fablico en esta edici\u00f3n, con una asistencia que ha rozado el lleno en pr\u00e1cticamente todos los escenarios. Angie Moreno subraya tambi\u00e9n que Sevilla debe sentirse orgullosa de acoger y disfrutar de un evento cultural de esta magnitud. Por otra parte, el director del Teatro de la Maestranza destaca que es un honor que la clausura del festival coincida con el inicio de la Semana de Pasi\u00f3n y se lleve a cabo en este emblem\u00e1tico espacio.<\/span><\/p>\n<p><span style=\"font-weight: 400\">El lunes 7 de abril, la Maestranza recibi\u00f3 al prodigioso conjunto italiano I Gemelli, un grupo destacado por su interpretaci\u00f3n de m\u00fasica vocal del siglo XVIII, que se distingue por su enfoque particular y, en muchos casos, renuncia a utilizar la batuta. I Gemelli cuenta con la ayuda de la Ciudad de Ginebra, Adami, Spedidam, el CNM, la Fundaci\u00f3n Orange, el Institut Fran\u00e7ais y la ciudad de Toulouse. Su principal objetivo es fomentar las obras de la \u00e9poca menos reconocidas. La perfecta combinaci\u00f3n de elementos tanto antiguos como contempor\u00e1neos son un referente en la historia de la m\u00fasica sacra occidental.\u00a0<\/span><\/p>\n<p><span style=\"font-weight: 400\">Por otra parte, el FeM\u00c0S concluye el pr\u00f3ximo 13 de abril, Domingo de Ramos, en el Teatro de la Maestranza, con la actuaci\u00f3n de la prestigiosa orquesta barroca alemana Freiburger Barockorchester y el conjunto vocal belga Vox Luminis. Con m\u00e1s de treinta y cinco a\u00f1os de experiencia, la orquesta est\u00e1 dirigida por los violinistas Gottfried von der Goltz y Cecilia Bernardini, y realiza giras internacionales, ofreciendo m\u00e1s de cien conciertos al a\u00f1o tanto en Alemania como en el extranjero. Por su parte, Vox Luminis, galardonado con el Premio Internacional de M\u00fasica Cl\u00e1sica en 2012, destaca por su sonido \u00fanico y cautivador.<\/span><\/p>\n<p><span style=\"font-weight: 400\">Entradas\u00a0<\/span><\/p>\n<p><span style=\"font-weight: 400\">Las entradas se pueden adquirir tanto en las taquillas del Teatro de la Maestranza, como de forma online a trav\u00e9s de la web del FeM\u00c0S y del Teatro de la Maestranza.\u00a0<\/span><\/p>\n<p>&nbsp;<\/p>\n<p><span style=\"font-weight: 400\">BIBLIOGRAF\u00cdA\u00a0<\/span><\/p>\n<p><span style=\"font-weight: 400\">Ayuntamiento de Sevilla (2025). El FeM\u00c0S llega al Teatro Maestranza con el debut del c\u00e9lebre ensemble italiano I Gemelli y la clausura el domingo de ramos de la Orquesta Barroca Freiburger &amp; Vox Luminis. <\/span><i><span style=\"font-weight: 400\">XLII Festival de M\u00fasica Antigua. Sevilla 2025.<\/span><\/i> <a href=\"https:\/\/www.femas.es\/noticias\/el-femas-llega-al-teatro-maestranza\"><span style=\"font-weight: 400\">https:\/\/www.femas.es\/noticias\/el-femas-llega-al-teatro-maestranza<\/span><\/a><span style=\"font-weight: 400\">\u00a0<\/span><\/p>\n","protected":false},"excerpt":{"rendered":"<p>\u00a1Hola color\u00e1s y coloraos!\u00a0 Desde el pasado 21 de marzo, el Festival de M\u00fasica Antigua de Sevilla (FeM\u00c0S) ha dado la bienvenida a la primavera sevillana con su programaci\u00f3n musical. Esta semana, en la recta final del festival, el Teatro de la Maestranza acoger\u00e1 el espect\u00e1culo de I Gemelli (7 de abril) y la Freiburger [&hellip;]<\/p>\n","protected":false},"author":162,"featured_media":9610,"comment_status":"open","ping_status":"open","sticky":false,"template":"","format":"standard","meta":{"_acf_changed":false,"_monsterinsights_skip_tracking":false,"_monsterinsights_sitenote_active":false,"_monsterinsights_sitenote_note":"","_monsterinsights_sitenote_category":0,"footnotes":""},"categories":[12],"tags":[128,53],"class_list":["post-9609","post","type-post","status-publish","format-standard","has-post-thumbnail","hentry","category-eventos","tag-artistas","tag-musica"],"blocksy_meta":[],"acf":[],"jetpack_featured_media_url":"https:\/\/www.upo.es\/patio-colorado\/wp-content\/uploads\/2025\/04\/27cc4f5b-afd7-49fb-8dde-c8a938505d9f.jpeg","_links":{"self":[{"href":"https:\/\/www.upo.es\/patio-colorado\/wp-json\/wp\/v2\/posts\/9609","targetHints":{"allow":["GET"]}}],"collection":[{"href":"https:\/\/www.upo.es\/patio-colorado\/wp-json\/wp\/v2\/posts"}],"about":[{"href":"https:\/\/www.upo.es\/patio-colorado\/wp-json\/wp\/v2\/types\/post"}],"author":[{"embeddable":true,"href":"https:\/\/www.upo.es\/patio-colorado\/wp-json\/wp\/v2\/users\/162"}],"replies":[{"embeddable":true,"href":"https:\/\/www.upo.es\/patio-colorado\/wp-json\/wp\/v2\/comments?post=9609"}],"version-history":[{"count":1,"href":"https:\/\/www.upo.es\/patio-colorado\/wp-json\/wp\/v2\/posts\/9609\/revisions"}],"predecessor-version":[{"id":9611,"href":"https:\/\/www.upo.es\/patio-colorado\/wp-json\/wp\/v2\/posts\/9609\/revisions\/9611"}],"wp:featuredmedia":[{"embeddable":true,"href":"https:\/\/www.upo.es\/patio-colorado\/wp-json\/wp\/v2\/media\/9610"}],"wp:attachment":[{"href":"https:\/\/www.upo.es\/patio-colorado\/wp-json\/wp\/v2\/media?parent=9609"}],"wp:term":[{"taxonomy":"category","embeddable":true,"href":"https:\/\/www.upo.es\/patio-colorado\/wp-json\/wp\/v2\/categories?post=9609"},{"taxonomy":"post_tag","embeddable":true,"href":"https:\/\/www.upo.es\/patio-colorado\/wp-json\/wp\/v2\/tags?post=9609"}],"curies":[{"name":"wp","href":"https:\/\/api.w.org\/{rel}","templated":true}]}}