{"id":9633,"date":"2025-04-23T17:42:36","date_gmt":"2025-04-23T17:42:36","guid":{"rendered":"https:\/\/www.upo.es\/patio-colorado\/?p=9633"},"modified":"2025-04-30T10:23:36","modified_gmt":"2025-04-30T10:23:36","slug":"sacra-musicae-el-concierto-sobre-la-musica-de-la-semana-santa-en-el-siglo-de-oro","status":"publish","type":"post","link":"https:\/\/www.upo.es\/patio-colorado\/2025\/04\/23\/sacra-musicae-el-concierto-sobre-la-musica-de-la-semana-santa-en-el-siglo-de-oro\/","title":{"rendered":"Sacra Musicae, el concierto sobre la m\u00fasica de la Semana Santa en el Siglo de Oro"},"content":{"rendered":"<p>\u00a1Hola color\u00e1s y coloraos! Este pasado s\u00e1bado 5 de abril tuvo lugar en el patio de la Fundaci\u00f3n Cajasol, a las 20:00, un concierto con el t\u00edtulo S<em>acra Musicae. M\u00fasica para cortejos penitenciales de la Semana Santa de Sevilla en los Siglos XVI y XVII<\/em>. Dicho concierto, que se encuadra dentro del programa Tramos de Cuaresma, una programaci\u00f3n cultural llena de exposiciones, conciertos e incluso talleres gastron\u00f3micos, todos relacionados con la Semana Santa andaluza y su impacto patrimonial y cultural.<\/p>\n<p>Los protagonistas de este concierto son el grupo Ministriles Hispalensis, una de las formaciones musicales que se encuentra en cabeza en la recuperaci\u00f3n de la m\u00fasica antigua espa\u00f1ola. Principalmente centrada en los periodos del Renacimiento y el Barroco, se trata de un proyecto interdisciplinar que une la m\u00fasica, el teatro y las narraciones hist\u00f3ricas. Ha realizado numerosas actuaciones en festivales de m\u00fasica antigua, as\u00ed como participar en procesiones como el Corpus de Sevilla. Otras actuaciones destacadas que han realizado estos \u00faltimos a\u00f1os incluyen la que ofrecieron por el V Centenario de la Universidad de Sevilla, su concierto junto al Coro Barroco Sevillano en el Festival de M\u00fasica Espa\u00f1ola de C\u00e1diz o el anterior Sacra Musicae, celebrado el pasado 5 de diciembre de 2024.<\/p>\n<p>La Sacra Musicae consiste en una recuperaci\u00f3n de la m\u00fasica que durante los siglos XVI y XVII acompa\u00f1aban las marchas procesionales, pues hasta ya finales del siglo XVII y el XVIII eran los grupos de ministriles (grupos de instrumentistas muy relacionados con la labor de la juglar\u00eda que tocaban una serie concreta de instrumentos), tambi\u00e9n llamados coplas, los que desempe\u00f1aban esta funci\u00f3n. Los instrumentos utilizados fueron los t\u00edpicos de estas coplas: el sacabuche, el baj\u00f3n, la corneta, el bajoncillo, la chirim\u00eda y el tambor destemplado.<\/p>\n<p>Adem\u00e1s del momento de t\u00edpico concierto parados sobre el escenario, Ministriles Hispalensis recre\u00f3 una procesi\u00f3n desplaz\u00e1ndose por el Patio de la Fundaci\u00f3n Cajasol. Se trata, entonces, de una manera de recuperar una riqueza cultural y musical perdida. Ministriles Hispalensis se basa en una selecci\u00f3n musical realizada tras un profundo estudio de documentaci\u00f3n, para tratar de ser lo m\u00e1s preciso posible en sus representaciones. Estos grupos de coplas han tenido un papel fundamental en el desarrollo hist\u00f3rico de hermandades como El Silencio, el Santo Entierro, Pasi\u00f3n, La Soledad, El Gran Poder, La Hiniesta\u2026<\/p>\n<p>Aunque este concierto ya haya pasado, el grupo Ministriles Hispalensis no deja de involucrarse en nuevos proyectos que quiz\u00e1s podr\u00edan llamar vuestra atenci\u00f3n.\u00a0 Con motivo de la feria del libro que est\u00e1 teniendo lugar en Sevilla estos d\u00edas, Ministriles Hispalensis har\u00e1 el acompa\u00f1amiento musical a la conferencia de D\u00f1a. Reyes Pro Jim\u00e9nez con el nombre de <em>La lectura y la mujer en la \u00e9poca de Cervantes.<\/em><\/p>\n<figure id=\"attachment_9636\" aria-describedby=\"caption-attachment-9636\" style=\"width: 341px\" class=\"wp-caption aligncenter\"><img loading=\"lazy\" decoding=\"async\" class=\"wp-image-9636\" src=\"https:\/\/www.upo.es\/patio-colorado\/wp-content\/uploads\/2025\/04\/image-300x200.jpg\" alt=\"\" width=\"341\" height=\"227\" srcset=\"https:\/\/www.upo.es\/patio-colorado\/wp-content\/uploads\/2025\/04\/image-300x200.jpg 300w, https:\/\/www.upo.es\/patio-colorado\/wp-content\/uploads\/2025\/04\/image.jpg 600w\" sizes=\"auto, (max-width: 341px) 100vw, 341px\" \/><figcaption id=\"caption-attachment-9636\" class=\"wp-caption-text\">Miembros de los Ministriles Hispalensis<\/figcaption><\/figure>\n<p>&nbsp;<\/p>\n<p>Bibliograf\u00eda<br \/>\nArcadiantiqua (s.f.) Sacra Musicae. M\u00fasica para cortejos procesionales, siglos XVI y XVII. Hermandades y Piedad Popular. <a href=\"https:\/\/www.hermandadesypiedadpopular.org\/events\/sacra-musicae\/\">https:\/\/www.hermandadesypiedadpopular.org\/events\/sacra-musicae\/\u00a0<\/a><br \/>\nQu\u00e9 Plan Sevilla (4 de abril de 2025) Ministriles Hispalensis recrea este s\u00e1bado en un concierto la m\u00fasica de la Semana Santa de Sevilla de los siglos XVI y XVII. ABC. <a href=\"https:\/\/www.abc.es\/queplan\/sevilla\/conciertos\/ministriles-hispalensis-recrea-sabado-concierto-musica-semana-20250403134424-nts.html\">https:\/\/www.abc.es\/queplan\/sevilla\/conciertos\/ministriles-hispalensis-recrea-sabado-concierto-musica-semana-20250403134424-nts.html<\/a><br \/>\nRedacci\u00f3n Sevilla (3 de abril de 2025) Ministriles Hispalensis acerca la Semana Santa del Siglo de Oro con el concierto \u2018Sacra Musicae\u2019. Diario de Sevilla. <a href=\"https:\/\/www.diariodesevilla.es\/ocio\/ministriles-hispalensis-acerca-semana-santa_0_2003654847.html\">https:\/\/www.diariodesevilla.es\/ocio\/ministriles-hispalensis-acerca-semana-santa_0_2003654847.html\u00a0<\/a><\/p>\n<p>&nbsp;<\/p>\n","protected":false},"excerpt":{"rendered":"<p>\u00a1Hola color\u00e1s y coloraos! Este pasado s\u00e1bado 5 de abril tuvo lugar en el patio de la Fundaci\u00f3n Cajasol, a las 20:00, un concierto con el t\u00edtulo Sacra Musicae. M\u00fasica para cortejos penitenciales de la Semana Santa de Sevilla en los Siglos XVI y XVII. Dicho concierto, que se encuadra dentro del programa Tramos de [&hellip;]<\/p>\n","protected":false},"author":163,"featured_media":9634,"comment_status":"open","ping_status":"open","sticky":false,"template":"","format":"standard","meta":{"_acf_changed":false,"_monsterinsights_skip_tracking":false,"_monsterinsights_sitenote_active":false,"_monsterinsights_sitenote_note":"","_monsterinsights_sitenote_category":0,"footnotes":""},"categories":[186,1110,301],"tags":[],"class_list":["post-9633","post","type-post","status-publish","format-standard","has-post-thumbnail","hentry","category-literatura-musica","category-noticias","category-sevilla"],"blocksy_meta":[],"acf":[],"jetpack_featured_media_url":"https:\/\/www.upo.es\/patio-colorado\/wp-content\/uploads\/2025\/04\/tramos2025_sacra-musicae_post.jpg","_links":{"self":[{"href":"https:\/\/www.upo.es\/patio-colorado\/wp-json\/wp\/v2\/posts\/9633","targetHints":{"allow":["GET"]}}],"collection":[{"href":"https:\/\/www.upo.es\/patio-colorado\/wp-json\/wp\/v2\/posts"}],"about":[{"href":"https:\/\/www.upo.es\/patio-colorado\/wp-json\/wp\/v2\/types\/post"}],"author":[{"embeddable":true,"href":"https:\/\/www.upo.es\/patio-colorado\/wp-json\/wp\/v2\/users\/163"}],"replies":[{"embeddable":true,"href":"https:\/\/www.upo.es\/patio-colorado\/wp-json\/wp\/v2\/comments?post=9633"}],"version-history":[{"count":2,"href":"https:\/\/www.upo.es\/patio-colorado\/wp-json\/wp\/v2\/posts\/9633\/revisions"}],"predecessor-version":[{"id":9675,"href":"https:\/\/www.upo.es\/patio-colorado\/wp-json\/wp\/v2\/posts\/9633\/revisions\/9675"}],"wp:featuredmedia":[{"embeddable":true,"href":"https:\/\/www.upo.es\/patio-colorado\/wp-json\/wp\/v2\/media\/9634"}],"wp:attachment":[{"href":"https:\/\/www.upo.es\/patio-colorado\/wp-json\/wp\/v2\/media?parent=9633"}],"wp:term":[{"taxonomy":"category","embeddable":true,"href":"https:\/\/www.upo.es\/patio-colorado\/wp-json\/wp\/v2\/categories?post=9633"},{"taxonomy":"post_tag","embeddable":true,"href":"https:\/\/www.upo.es\/patio-colorado\/wp-json\/wp\/v2\/tags?post=9633"}],"curies":[{"name":"wp","href":"https:\/\/api.w.org\/{rel}","templated":true}]}}