{"id":9660,"date":"2025-04-30T10:19:05","date_gmt":"2025-04-30T10:19:05","guid":{"rendered":"https:\/\/www.upo.es\/patio-colorado\/?p=9660"},"modified":"2025-04-30T10:22:54","modified_gmt":"2025-04-30T10:22:54","slug":"ultimos-dias-para-ver-la-exposicion-pepa-caballero-constelaciones-abstractas-en-el-caac","status":"publish","type":"post","link":"https:\/\/www.upo.es\/patio-colorado\/2025\/04\/30\/ultimos-dias-para-ver-la-exposicion-pepa-caballero-constelaciones-abstractas-en-el-caac\/","title":{"rendered":"\u00daltimos d\u00edas para ver la exposici\u00f3n Pepa Caballero: Constelaciones Abstractas en el CAAC"},"content":{"rendered":"<p><span style=\"font-weight: 400\">\u00a1Hola color\u00e1s y coloraos! \u00bfHay alg\u00fan amante del arte abstracto entre nuestros lectores? En el Centro Andaluz de Arte Contempor\u00e1neo (CAAC), que muchos conocer\u00e9is, ten\u00e9is hasta el d\u00eda 4 de mayo para disfrutar de la exposici\u00f3n <\/span><i><span style=\"font-weight: 400\">Pepa Caballero: Constelaciones Abstractas<\/span><\/i><span style=\"font-weight: 400\">, centrada en la obra de esta artista granadina.\u00a0<\/span><\/p>\n<p><span style=\"font-weight: 400\">Pepa Caballero (1943-2012) es una de las figuras m\u00e1s importantes en el arte abstracto espa\u00f1ol contempor\u00e1neo que, sin embargo, sigue todav\u00eda bastante desconocida y un poco en las sombras. Nacida en Granada en el a\u00f1o 1943, desarroll\u00f3 la mayor parte de su obra en la ciudad de M\u00e1laga, a donde se mud\u00f3 en 1973. En esta ciudad fue la \u00fanica mujer fundadora y miembro del Colectivo Palmo, que estuvo activo entre 1979 y 1987. Era un grupo de pintores vanguardistas, no todos necesariamente abstractos, pero todos interesados en estudiar el impacto sociocultural de sus obras y en romper los moldes tradicionales del arte.<\/span><\/p>\n<figure id=\"attachment_9668\" aria-describedby=\"caption-attachment-9668\" style=\"width: 300px\" class=\"wp-caption aligncenter\"><img loading=\"lazy\" decoding=\"async\" class=\"wp-image-9668 size-medium\" src=\"https:\/\/www.upo.es\/patio-colorado\/wp-content\/uploads\/2025\/04\/pepacabellero_20200715203504-RIrH7VbpJyvtIGVk1GRzPhI-1968x1216@Diario-Sur-300x185.webp\" alt=\"\" width=\"300\" height=\"185\" srcset=\"https:\/\/www.upo.es\/patio-colorado\/wp-content\/uploads\/2025\/04\/pepacabellero_20200715203504-RIrH7VbpJyvtIGVk1GRzPhI-1968x1216@Diario-Sur-300x185.webp 300w, https:\/\/www.upo.es\/patio-colorado\/wp-content\/uploads\/2025\/04\/pepacabellero_20200715203504-RIrH7VbpJyvtIGVk1GRzPhI-1968x1216@Diario-Sur-1024x633.webp 1024w, https:\/\/www.upo.es\/patio-colorado\/wp-content\/uploads\/2025\/04\/pepacabellero_20200715203504-RIrH7VbpJyvtIGVk1GRzPhI-1968x1216@Diario-Sur-768x475.webp 768w, https:\/\/www.upo.es\/patio-colorado\/wp-content\/uploads\/2025\/04\/pepacabellero_20200715203504-RIrH7VbpJyvtIGVk1GRzPhI-1968x1216@Diario-Sur-1536x949.webp 1536w, https:\/\/www.upo.es\/patio-colorado\/wp-content\/uploads\/2025\/04\/pepacabellero_20200715203504-RIrH7VbpJyvtIGVk1GRzPhI-1968x1216@Diario-Sur.webp 1968w\" sizes=\"auto, (max-width: 300px) 100vw, 300px\" \/><figcaption id=\"caption-attachment-9668\" class=\"wp-caption-text\">Pepa Caballero<\/figcaption><\/figure>\n<p><span style=\"font-weight: 400\">La obra de Pepa Caballero puede adscribirse al informalismo abstracto, movimiento de gran relevancia en Espa\u00f1a, principalmente en las d\u00e9cadas de los 40 y 50, con artistas como Luis Feito, Manolo Millares o Antonio Saura. La artista granadina recuper\u00f3 este movimiento, aunque otorg\u00e1ndole un toque personal\u00edsimo, basado en el empleo de una paleta de colores muy reducida (sobre todo colores primarios, rojo, amarillo y azul), as\u00ed como por su juego y experimentaci\u00f3n con las l\u00edneas, la perspectiva y la modularidad. Se destac\u00f3 tambi\u00e9n por sus obras en forma de pol\u00edpticos, pinturas divididas en m\u00faltiples secciones, los cuales Caballero presentaba de formas muy diversas y abiertas, que pod\u00edan combinarse de maneras distintas, fomentando su interactividad.<\/span><\/p>\n<p><span style=\"font-weight: 400\">La exposici\u00f3n del CAAC realiza un recorrido por la evoluci\u00f3n de la obra de la artista. Nos encontramos, por ejemplo, su serie <\/span><i><span style=\"font-weight: 400\">Rojo y Negro<\/span><\/i><span style=\"font-weight: 400\">, realizada en los a\u00f1os 70, en la que vemos sus inicios en el arte abstracto. Al lado de esta, obras como <\/span><i><span style=\"font-weight: 400\">Plano sobre plano, Hacia la libertad <\/span><\/i><span style=\"font-weight: 400\">o <\/span><i><span style=\"font-weight: 400\">Tr\u00edptico de la tierra<\/span><\/i><span style=\"font-weight: 400\">, de su \u00faltima etapa, nos muestran como Caballero recupera de su primera etapa elementos como el uso de colores primarios, pero habiendo adquirido una muy avanzada abstracci\u00f3n geom\u00e9trica. Otra serie que nos encontramos es la ampl\u00edsima <\/span><i><span style=\"font-weight: 400\">Mediterr\u00e1neo,<\/span><\/i><span style=\"font-weight: 400\"> desarrollada en los 90 y principios de los 2000, caracterizada por su empleo del trampantojo.<\/span><\/p>\n<figure id=\"attachment_9670\" aria-describedby=\"caption-attachment-9670\" style=\"width: 176px\" class=\"wp-caption aligncenter\"><img loading=\"lazy\" decoding=\"async\" class=\"wp-image-9670\" src=\"https:\/\/www.upo.es\/patio-colorado\/wp-content\/uploads\/2025\/04\/Pepa-Caballero-Hacia-la-libertad-2002-Cortesia-del-Centro-Andaluz-de-Arte-Contemporaneo-Foto-por-200x300.jpg\" alt=\"\" width=\"176\" height=\"264\" srcset=\"https:\/\/www.upo.es\/patio-colorado\/wp-content\/uploads\/2025\/04\/Pepa-Caballero-Hacia-la-libertad-2002-Cortesia-del-Centro-Andaluz-de-Arte-Contemporaneo-Foto-por-200x300.jpg 200w, https:\/\/www.upo.es\/patio-colorado\/wp-content\/uploads\/2025\/04\/Pepa-Caballero-Hacia-la-libertad-2002-Cortesia-del-Centro-Andaluz-de-Arte-Contemporaneo-Foto-por.jpg 410w\" sizes=\"auto, (max-width: 176px) 100vw, 176px\" \/><figcaption id=\"caption-attachment-9670\" class=\"wp-caption-text\">Hacia la libertad<\/figcaption><\/figure>\n<p><span style=\"font-weight: 400\">Esta exposici\u00f3n, seg\u00fan han expresado sus comisarias Carmen Cort\u00e9s Zaborras e Isabel Garnelo D\u00edez, busca reivindicar la figura de Pepa Caballero, la cual (ya sea por ser mujer o por haberse mantenido toda su carrera en la ciudad de M\u00e1laga, sin mucho movimiento) se ha quedado en la periferia art\u00edstica. Sus obras, que han llegado al CAAC gracias a los pr\u00e9stamos de la familia de la pintora, de la galer\u00eda Isabel Hurley, de la Universidad de M\u00e1laga y de varios museos, nos muestran un universo \u00fanico y muy personal, de una artista que explor\u00f3 y expandi\u00f3 los l\u00edmites de la abstracci\u00f3n.<\/span><\/p>\n<p><b>Bibliograf\u00eda<\/b><\/p>\n<p><span style=\"font-weight: 400\">Centro \u00c1ndaluz de Arte Contempor\u00e1neo (2025) <\/span><i><span style=\"font-weight: 400\">Exposici\u00f3n actual: Pepa Caballero. Constelaciones abstractas. <\/span><\/i><span style=\"font-weight: 400\">CAAC. Centro Andaluz de Arte Contempor\u00e1neo. <\/span><a href=\"https:\/\/www.caac.es\/exposicion\/pepacaballero\/\"><span style=\"font-weight: 400\">https:\/\/www.caac.es\/exposicion\/pepacaballero\/<\/span><\/a><span style=\"font-weight: 400\">\u00a0<\/span><\/p>\n<p><span style=\"font-weight: 400\">Redacci\u00f3n Artepuntoes (21 de diciembre de 2024) <\/span><i><span style=\"font-weight: 400\">Pepa Caballero. Constelaciones abstractas <\/span><\/i><span style=\"font-weight: 400\">Artepuntoes, Revista de Arte Contempor\u00e1neo Espa\u00f1ol. <\/span><a href=\"https:\/\/artepuntoes.com\/2024\/12\/13\/pepa-caballero-constelaciones-abstractas\/\"><span style=\"font-weight: 400\">https:\/\/artepuntoes.com\/2024\/12\/13\/pepa-caballero-constelaciones-abstractas\/<\/span><\/a><span style=\"font-weight: 400\">\u00a0<\/span><\/p>\n<p><span style=\"font-weight: 400\">Redacci\u00f3n Exibar (16 de diciembre de 2024) <\/span><i><span style=\"font-weight: 400\">El CAAC (Sevilla) presenta la exposici\u00f3n \u2018Constelaciones abstractas\u2019 de Pepa Caballero\u2019. <\/span><\/i><span style=\"font-weight: 400\">Exibart. <\/span><a href=\"https:\/\/www.exibart.es\/exposiciones\/el-caac-sevilla-presenta-la-exposicion-constelaciones-abstractas-de-pepa-caballero\/\"><span style=\"font-weight: 400\">https:\/\/www.exibart.es\/exposiciones\/el-caac-sevilla-presenta-la-exposicion-constelaciones-abstractas-de-pepa-caballero\/<\/span><\/a><span style=\"font-weight: 400\">\u00a0<\/span><\/p>\n","protected":false},"excerpt":{"rendered":"<p>\u00a1Hola color\u00e1s y coloraos! \u00bfHay alg\u00fan amante del arte abstracto entre nuestros lectores? En el Centro Andaluz de Arte Contempor\u00e1neo (CAAC), que muchos conocer\u00e9is, ten\u00e9is hasta el d\u00eda 4 de mayo para disfrutar de la exposici\u00f3n Pepa Caballero: Constelaciones Abstractas, centrada en la obra de esta artista granadina.\u00a0 Pepa Caballero (1943-2012) es una de las [&hellip;]<\/p>\n","protected":false},"author":163,"featured_media":9665,"comment_status":"open","ping_status":"open","sticky":false,"template":"","format":"standard","meta":{"_acf_changed":false,"_monsterinsights_skip_tracking":false,"_monsterinsights_sitenote_active":false,"_monsterinsights_sitenote_note":"","_monsterinsights_sitenote_category":0,"footnotes":""},"categories":[1,1110,44,167],"tags":[361],"class_list":["post-9660","post","type-post","status-publish","format-standard","has-post-thumbnail","hentry","category-sin-categoria","category-noticias","category-patrimonio","category-pintura-escultura","tag-caac"],"blocksy_meta":[],"acf":[],"jetpack_featured_media_url":"https:\/\/www.upo.es\/patio-colorado\/wp-content\/uploads\/2025\/04\/pepa-caballero-expo-kROF-1200x630@diario_abc.webp","_links":{"self":[{"href":"https:\/\/www.upo.es\/patio-colorado\/wp-json\/wp\/v2\/posts\/9660","targetHints":{"allow":["GET"]}}],"collection":[{"href":"https:\/\/www.upo.es\/patio-colorado\/wp-json\/wp\/v2\/posts"}],"about":[{"href":"https:\/\/www.upo.es\/patio-colorado\/wp-json\/wp\/v2\/types\/post"}],"author":[{"embeddable":true,"href":"https:\/\/www.upo.es\/patio-colorado\/wp-json\/wp\/v2\/users\/163"}],"replies":[{"embeddable":true,"href":"https:\/\/www.upo.es\/patio-colorado\/wp-json\/wp\/v2\/comments?post=9660"}],"version-history":[{"count":3,"href":"https:\/\/www.upo.es\/patio-colorado\/wp-json\/wp\/v2\/posts\/9660\/revisions"}],"predecessor-version":[{"id":9673,"href":"https:\/\/www.upo.es\/patio-colorado\/wp-json\/wp\/v2\/posts\/9660\/revisions\/9673"}],"wp:featuredmedia":[{"embeddable":true,"href":"https:\/\/www.upo.es\/patio-colorado\/wp-json\/wp\/v2\/media\/9665"}],"wp:attachment":[{"href":"https:\/\/www.upo.es\/patio-colorado\/wp-json\/wp\/v2\/media?parent=9660"}],"wp:term":[{"taxonomy":"category","embeddable":true,"href":"https:\/\/www.upo.es\/patio-colorado\/wp-json\/wp\/v2\/categories?post=9660"},{"taxonomy":"post_tag","embeddable":true,"href":"https:\/\/www.upo.es\/patio-colorado\/wp-json\/wp\/v2\/tags?post=9660"}],"curies":[{"name":"wp","href":"https:\/\/api.w.org\/{rel}","templated":true}]}}