{"id":9677,"date":"2025-04-30T10:29:06","date_gmt":"2025-04-30T10:29:06","guid":{"rendered":"https:\/\/www.upo.es\/patio-colorado\/?p=9677"},"modified":"2025-04-30T10:31:16","modified_gmt":"2025-04-30T10:31:16","slug":"la-calle-mas-bonita-de-espana-segun-la-unesco-se-encuentra-en-este-municipio-sevillano","status":"publish","type":"post","link":"https:\/\/www.upo.es\/patio-colorado\/2025\/04\/30\/la-calle-mas-bonita-de-espana-segun-la-unesco-se-encuentra-en-este-municipio-sevillano\/","title":{"rendered":"La calle m\u00e1s bonita de Espa\u00f1a seg\u00fan la UNESCO se encuentra en este municipio sevillano"},"content":{"rendered":"<p><span style=\"font-weight: 400\">\u00a1Hola color\u00e1s y coloraos! Situado a 87 km de la capital de la provincia, el pueblo sevillano de Osuna es considerado por muchos uno de los pueblos m\u00e1s bonitos de Andaluc\u00eda y de Espa\u00f1a en general. Con el casco hist\u00f3rico mejor conservado de Andaluc\u00eda, pasear por sus monumentales y se\u00f1oriales calles nos sirve para admirar los diferentes estilos arquitect\u00f3nicos que se dieron en Espa\u00f1a en su historia, aunque por el que m\u00e1s sobresale es por el Barroco, pues el Siglo de Oro fue la etapa de esplendor de esta ciudad sevillana.<\/span><\/p>\n<p><span style=\"font-weight: 400\">El atractivo de la peque\u00f1a ciudad ha llamado la atenci\u00f3n de diversos directores y artistas, como el italiano Franco Zeffireli, que acudi\u00f3 a Osuna para grabar su pel\u00edcula <\/span><i><span style=\"font-weight: 400\">Callas Forever<\/span><\/i><span style=\"font-weight: 400\">, film biogr\u00e1fico de la soprano griega Mar\u00eda Callas. Otra producci\u00f3n audiovisual\u00a0 a la que Osuna llam\u00f3 la atenci\u00f3n es a <\/span><i><span style=\"font-weight: 400\">Juego de Tronos<\/span><\/i><span style=\"font-weight: 400\">, que convirti\u00f3 la plaza de toros de la ciudad en la <\/span><i><span style=\"font-weight: 400\">Gran Fosa de Daznak<\/span><\/i><span style=\"font-weight: 400\">, emplazamiento donde ten\u00edan lugar los principales combates de la ciudad ficticia de Mereen. Este acontecimiento tuvo un tremendo impacto en la localidad y, de hecho, en la actualidad el Museo de Osuna tiene dos salas (bajo el nombre de <\/span><i><span style=\"font-weight: 400\">Sal\u00f3n de Hielo y Fuego<\/span><\/i><span style=\"font-weight: 400\">) con objetos relacionados con la serie y que muestra\u00a0 se vivieron en el pueblo estos 17 d\u00edas de rodaje.<\/span><\/p>\n<figure id=\"attachment_9678\" aria-describedby=\"caption-attachment-9678\" style=\"width: 300px\" class=\"wp-caption aligncenter\"><img loading=\"lazy\" decoding=\"async\" class=\"wp-image-9678 size-medium\" src=\"https:\/\/www.upo.es\/patio-colorado\/wp-content\/uploads\/2025\/04\/1_YKfmrJ3EgP7ld_uRRKMYIQ-1-300x200.jpg\" alt=\"\" width=\"300\" height=\"200\" srcset=\"https:\/\/www.upo.es\/patio-colorado\/wp-content\/uploads\/2025\/04\/1_YKfmrJ3EgP7ld_uRRKMYIQ-1-300x200.jpg 300w, https:\/\/www.upo.es\/patio-colorado\/wp-content\/uploads\/2025\/04\/1_YKfmrJ3EgP7ld_uRRKMYIQ-1-1024x684.jpg 1024w, https:\/\/www.upo.es\/patio-colorado\/wp-content\/uploads\/2025\/04\/1_YKfmrJ3EgP7ld_uRRKMYIQ-1-768x513.jpg 768w, https:\/\/www.upo.es\/patio-colorado\/wp-content\/uploads\/2025\/04\/1_YKfmrJ3EgP7ld_uRRKMYIQ-1.jpg 1200w\" sizes=\"auto, (max-width: 300px) 100vw, 300px\" \/><figcaption id=\"caption-attachment-9678\" class=\"wp-caption-text\">Los actores de Juego de Tronos en la plaza de toros de Osuna<\/figcaption><\/figure>\n<p><span style=\"font-weight: 400\">Desde este pasado 2024, el municipio de Osuna ostenta tambi\u00e9n el reconocimiento seg\u00fan la UNESCO de tener la calle m\u00e1s bonita de Espa\u00f1a, y segunda calle m\u00e1s bonita de Europa. El rinc\u00f3n que se ha ganado este galard\u00f3n es la Calle San Pedro, situada en el casco hist\u00f3rico de Osuna. Esta calle ancha, recta y en pendiente en su mitad superior se caracteriza por los m\u00faltiples palacios y casas se\u00f1oriales que encontramos a ambos lados. Estas espectaculares casas nos dan buena muestra de la gran riqueza que hab\u00eda en el municipio.<\/span><\/p>\n<p><span style=\"font-weight: 400\">Entre los edificios m\u00e1s destacados de la calle encontramos el palacio de los marqueses de la Gomera, del siglo XVII, de fachada blanca y una portada de columnas toscanas de piedra que sostienen un precioso balc\u00f3n. En la actualidad es un hotel. Por otro lado, la cilla del Cabildo, hoy convertida en casa parroquial, fue levantada en el a\u00f1o 1773. Otro punto destacable es el Palacio de los Cepeda, actualmente los juzgados de la ciudad, y de estilo Barroco.<\/span><\/p>\n<p><span style=\"font-weight: 400\">Osuna es, por tanto, un lugar de espectacular belleza y con un riqu\u00edsimo patrimonio hist\u00f3rico, material, pero tambi\u00e9n inmaterial, siendo su Semana Santa una Fiesta de Inter\u00e9s Tur\u00edstico Nacional por su riqueza art\u00edstica, llena de colores, olores e im\u00e1genes impresionantes. Osuna tiene, a parte de la Calle San Pedro y la mencionada plaza de toros, otros monumentos que quitan el aliento, como la Colegiata de Osuna, la Universidad de la Pur\u00edsima Concepci\u00f3n o el Convento de la Encarnaci\u00f3n. Por otro lado, tenemos el yacimiento arqueol\u00f3gico del Coto de las Canteras, de \u00e9poca turdetana, conocida como la <\/span><i><span style=\"font-weight: 400\">Petra de Andaluc\u00eda<\/span><\/i><span style=\"font-weight: 400\"> por sus asombrosos relieves.<\/span><\/p>\n<p><b>Bibliograf\u00eda<\/b><\/p>\n<p><span style=\"font-weight: 400\">Buenafuente, A. (8 de agosto de 2024) <\/span><i><span style=\"font-weight: 400\">Este pueblo sevillano tiene la calle m\u00e1s bonita de Espa\u00f1a, seg\u00fan la UNESCO. <\/span><\/i><span style=\"font-weight: 400\">Sevilla Secreta. <\/span><a href=\"https:\/\/sevillasecreta.co\/calle-mas-bonita-osuna-unesco\/\"><span style=\"font-weight: 400\">https:\/\/sevillasecreta.co\/calle-mas-bonita-osuna-unesco\/<\/span><\/a><span style=\"font-weight: 400\">\u00a0<\/span><\/p>\n<p><span style=\"font-weight: 400\">Frade, J. (9 de marzo de 2024) <\/span><i><span style=\"font-weight: 400\">La calle m\u00e1s bonita de Europa est\u00e1 en Andaluc\u00eda, seg\u00fan la UNESCO. <\/span><\/i><span style=\"font-weight: 400\">EL INDEPENDIENTE. <\/span><a href=\"https:\/\/www.elindependiente.com\/tendencias\/cultura\/2024\/03\/09\/la-calle-mas-bonita-de-europa-esta-en-andalucia-segun-la-unesco\/#:~:text=La%20UNESCO%20ha%20otorgado%20el%20prestigioso%20t%C3%ADtulo%20de%20la%20calle,encantador%20municipio%20sevillano%20de%20Osuna\"><span style=\"font-weight: 400\">https:\/\/www.elindependiente.com\/tendencias\/cultura\/2024\/03\/09\/la-calle-mas-bonita-de-europa-esta-en-andalucia-segun-la-unesco\/#:~:text=La%20UNESCO%20ha%20otorgado%20el%20prestigioso%20t%C3%ADtulo%20de%20la%20calle,encantador%20municipio%20sevillano%20de%20Osuna<\/span><\/a><span style=\"font-weight: 400\">\u00a0<\/span><\/p>\n<p><span style=\"font-weight: 400\">Turismo de la Provincia. Diputaci\u00f3n de Sevilla (s.f.) <\/span><i><span style=\"font-weight: 400\">Calle San Pedro. <\/span><\/i><span style=\"font-weight: 400\">TurismoSevilla. <\/span><a href=\"https:\/\/www.turismosevilla.org\/es\/que-ver-y-hacer\/patrimonio\/monumentos\/calle-san-pedro\"><span style=\"font-weight: 400\">https:\/\/www.turismosevilla.org\/es\/que-ver-y-hacer\/patrimonio\/monumentos\/calle-san-pedro<\/span><\/a><span style=\"font-weight: 400\">\u00a0<\/span><\/p>\n<p>&nbsp;<\/p>\n","protected":false},"excerpt":{"rendered":"<p>\u00a1Hola color\u00e1s y coloraos! Situado a 87 km de la capital de la provincia, el pueblo sevillano de Osuna es considerado por muchos uno de los pueblos m\u00e1s bonitos de Andaluc\u00eda y de Espa\u00f1a en general. Con el casco hist\u00f3rico mejor conservado de Andaluc\u00eda, pasear por sus monumentales y se\u00f1oriales calles nos sirve para admirar [&hellip;]<\/p>\n","protected":false},"author":163,"featured_media":9680,"comment_status":"open","ping_status":"open","sticky":false,"template":"","format":"standard","meta":{"_acf_changed":false,"_monsterinsights_skip_tracking":false,"_monsterinsights_sitenote_active":false,"_monsterinsights_sitenote_note":"","_monsterinsights_sitenote_category":0,"footnotes":""},"categories":[1,170,44,301],"tags":[60],"class_list":["post-9677","post","type-post","status-publish","format-standard","has-post-thumbnail","hentry","category-sin-categoria","category-monumentos-y-turismo","category-patrimonio","category-sevilla","tag-osuna"],"blocksy_meta":[],"acf":[],"jetpack_featured_media_url":"https:\/\/www.upo.es\/patio-colorado\/wp-content\/uploads\/2025\/04\/Osuna-Calle-San-Pedro-1.jpg","_links":{"self":[{"href":"https:\/\/www.upo.es\/patio-colorado\/wp-json\/wp\/v2\/posts\/9677","targetHints":{"allow":["GET"]}}],"collection":[{"href":"https:\/\/www.upo.es\/patio-colorado\/wp-json\/wp\/v2\/posts"}],"about":[{"href":"https:\/\/www.upo.es\/patio-colorado\/wp-json\/wp\/v2\/types\/post"}],"author":[{"embeddable":true,"href":"https:\/\/www.upo.es\/patio-colorado\/wp-json\/wp\/v2\/users\/163"}],"replies":[{"embeddable":true,"href":"https:\/\/www.upo.es\/patio-colorado\/wp-json\/wp\/v2\/comments?post=9677"}],"version-history":[{"count":2,"href":"https:\/\/www.upo.es\/patio-colorado\/wp-json\/wp\/v2\/posts\/9677\/revisions"}],"predecessor-version":[{"id":9682,"href":"https:\/\/www.upo.es\/patio-colorado\/wp-json\/wp\/v2\/posts\/9677\/revisions\/9682"}],"wp:featuredmedia":[{"embeddable":true,"href":"https:\/\/www.upo.es\/patio-colorado\/wp-json\/wp\/v2\/media\/9680"}],"wp:attachment":[{"href":"https:\/\/www.upo.es\/patio-colorado\/wp-json\/wp\/v2\/media?parent=9677"}],"wp:term":[{"taxonomy":"category","embeddable":true,"href":"https:\/\/www.upo.es\/patio-colorado\/wp-json\/wp\/v2\/categories?post=9677"},{"taxonomy":"post_tag","embeddable":true,"href":"https:\/\/www.upo.es\/patio-colorado\/wp-json\/wp\/v2\/tags?post=9677"}],"curies":[{"name":"wp","href":"https:\/\/api.w.org\/{rel}","templated":true}]}}