{"id":9744,"date":"2025-05-11T17:50:47","date_gmt":"2025-05-11T17:50:47","guid":{"rendered":"https:\/\/www.upo.es\/patio-colorado\/?p=9744"},"modified":"2025-05-11T17:50:47","modified_gmt":"2025-05-11T17:50:47","slug":"el-femas-vuelve-en-2026","status":"publish","type":"post","link":"https:\/\/www.upo.es\/patio-colorado\/2025\/05\/11\/el-femas-vuelve-en-2026\/","title":{"rendered":"El FeM\u00c0S vuelve en 2026\u00a0"},"content":{"rendered":"<p><span style=\"font-weight: 400\">Con motivo del 400.\u00ba aniversario del fallecimiento de John Dowland, el XLIII Festival de M\u00fasica Antigua de Sevilla (FeM\u00c0S) se celebrar\u00e1 de nuevo el pr\u00f3ximo a\u00f1o en Sevilla. Coincidiendo con la llegada de la primavera, el festival comenzar\u00e1 el 6 de marzo y finalizar\u00e1 el 29 de marzo, Domingo de Ramos, en el Teatro de la Maestranza con \u201cLa Pasi\u00f3n seg\u00fan San Mateo\u201d de Johann Sebastian Bach.<\/span><\/p>\n<p><span style=\"font-weight: 400\">Angie Moreno, delegada de Turismo y Cultura, ha destacado la excelente programaci\u00f3n del festival y la diversidad de un p\u00fablico inigualable, atra\u00eddo por los distintos espect\u00e1culos que se han ofrecido este a\u00f1o.<\/span><\/p>\n<p><span style=\"font-weight: 400\">La pr\u00f3xima edici\u00f3n tiene como principal objetivo conmemorar el 400.\u00ba aniversario del fallecimiento de John Dowland, uno de los compositores m\u00e1s importantes de Inglaterra. Especializado en el la\u00fad, su trayectoria ha dejado un legado significativo de manuscritos y copias de todas sus obras, que se esperan representar la temporada que viene.\u00a0<\/span><\/p>\n<p><span style=\"font-weight: 400\">En la pr\u00f3xima edici\u00f3n del FeM\u00c0S, Ian Bostridge ser\u00e1 tambi\u00e9n una figura clave. El tenor ingl\u00e9s, reconocido por sus interpretaciones de <\/span><i><span style=\"font-weight: 400\">Lieder <\/span><\/i><span style=\"font-weight: 400\">y \u00f3pera, desempe\u00f1ar\u00e1 un papel fundamental en el evento. Bostridge demuestra una gran capacidad para la m\u00fasica, y su dedicaci\u00f3n se refleja en cada una de sus interpretaciones. Por ello, destaca por su sensibilidad excepcional y su talento \u00fanico para la interpretaci\u00f3n historicista. Asimismo, el FeM\u00c0S contar\u00e1 con la presencia del conjunto musical londinense Fretwork, compuesto por un sexteto de violas da gamba.<\/span><\/p>\n<p><span style=\"font-weight: 400\">Al igual que este a\u00f1o, el festival finalizar\u00e1 en el Teatro de la Maestranza con la reconocida obra de Bach, que narra el pasaje b\u00edblico de la Pasi\u00f3n de Cristo seg\u00fan San Mateo, ofreciendo al p\u00fablico una visi\u00f3n \u00fanica de la \u00e9poca del Barroco alem\u00e1n. Esta obra refleja un universo musical inigualable, ya que su instrumentaci\u00f3n barroca y el coro aportan matices \u00fanicos al espect\u00e1culo.<\/span><\/p>\n<p><b>2025 en cifras<\/b><span style=\"font-weight: 400\">\u00a0<\/span><\/p>\n<p><span style=\"font-weight: 400\">Este a\u00f1o han asistido un total de 7.091 personas a los 26 conciertos. Con una ocupaci\u00f3n del 85%, se han facturado un total de 169.963 euros. Sin duda, el FeM\u00c0S ha consolidado su presencia y compromiso un a\u00f1o m\u00e1s, alcanzando aforo completo en nueve de sus obras. Adem\u00e1s, su visibilidad en redes sociales ha crecido de manera constante, gracias a la campa\u00f1a de Street Marketing y a las m\u00faltiples notas de prensa.\u00a0<\/span><\/p>\n<p><span style=\"font-weight: 400\">BIBLIOGRAF\u00cdA\u00a0<\/span><\/p>\n<p><span style=\"font-weight: 400\">Ayuntamiento de Sevilla (2025). El FeM\u00c0S de 2026 volver\u00e1 a clausurar en la ma\u00f1ana del Domingo de Ramos con la Pasi\u00f3n seg\u00fan San Mateo. <\/span><i><span style=\"font-weight: 400\">XLII Festival de M\u00fasica Antigua. Sevilla 2025. <\/span><\/i><a href=\"https:\/\/www.femas.es\/noticias\/femas-2026-volvera-clausurar-domingo-ramos-pasion-segun-san-mateo\"><i><span style=\"font-weight: 400\">https:\/\/www.femas.es\/noticias\/femas-2026-volvera-clausurar-domingo-ramos-pasion-segun-san-mateo<\/span><\/i><\/a><\/p>\n","protected":false},"excerpt":{"rendered":"<p>Con motivo del 400.\u00ba aniversario del fallecimiento de John Dowland, el XLIII Festival de M\u00fasica Antigua de Sevilla (FeM\u00c0S) se celebrar\u00e1 de nuevo el pr\u00f3ximo a\u00f1o en Sevilla. Coincidiendo con la llegada de la primavera, el festival comenzar\u00e1 el 6 de marzo y finalizar\u00e1 el 29 de marzo, Domingo de Ramos, en el Teatro de [&hellip;]<\/p>\n","protected":false},"author":162,"featured_media":9745,"comment_status":"open","ping_status":"open","sticky":false,"template":"","format":"standard","meta":{"_acf_changed":false,"_monsterinsights_skip_tracking":false,"_monsterinsights_sitenote_active":false,"_monsterinsights_sitenote_note":"","_monsterinsights_sitenote_category":0,"footnotes":""},"categories":[12,301],"tags":[],"class_list":["post-9744","post","type-post","status-publish","format-standard","has-post-thumbnail","hentry","category-eventos","category-sevilla"],"blocksy_meta":[],"acf":[],"jetpack_featured_media_url":"https:\/\/www.upo.es\/patio-colorado\/wp-content\/uploads\/2025\/05\/1c57485a-368e-4136-9479-bcd8e28a7020.jpeg","_links":{"self":[{"href":"https:\/\/www.upo.es\/patio-colorado\/wp-json\/wp\/v2\/posts\/9744","targetHints":{"allow":["GET"]}}],"collection":[{"href":"https:\/\/www.upo.es\/patio-colorado\/wp-json\/wp\/v2\/posts"}],"about":[{"href":"https:\/\/www.upo.es\/patio-colorado\/wp-json\/wp\/v2\/types\/post"}],"author":[{"embeddable":true,"href":"https:\/\/www.upo.es\/patio-colorado\/wp-json\/wp\/v2\/users\/162"}],"replies":[{"embeddable":true,"href":"https:\/\/www.upo.es\/patio-colorado\/wp-json\/wp\/v2\/comments?post=9744"}],"version-history":[{"count":1,"href":"https:\/\/www.upo.es\/patio-colorado\/wp-json\/wp\/v2\/posts\/9744\/revisions"}],"predecessor-version":[{"id":9746,"href":"https:\/\/www.upo.es\/patio-colorado\/wp-json\/wp\/v2\/posts\/9744\/revisions\/9746"}],"wp:featuredmedia":[{"embeddable":true,"href":"https:\/\/www.upo.es\/patio-colorado\/wp-json\/wp\/v2\/media\/9745"}],"wp:attachment":[{"href":"https:\/\/www.upo.es\/patio-colorado\/wp-json\/wp\/v2\/media?parent=9744"}],"wp:term":[{"taxonomy":"category","embeddable":true,"href":"https:\/\/www.upo.es\/patio-colorado\/wp-json\/wp\/v2\/categories?post=9744"},{"taxonomy":"post_tag","embeddable":true,"href":"https:\/\/www.upo.es\/patio-colorado\/wp-json\/wp\/v2\/tags?post=9744"}],"curies":[{"name":"wp","href":"https:\/\/api.w.org\/{rel}","templated":true}]}}