{"id":9749,"date":"2025-05-13T15:51:00","date_gmt":"2025-05-13T15:51:00","guid":{"rendered":"https:\/\/www.upo.es\/patio-colorado\/?p=9749"},"modified":"2025-05-13T15:51:00","modified_gmt":"2025-05-13T15:51:00","slug":"tiene-otro-nombre-la-blanca-y-verde","status":"publish","type":"post","link":"https:\/\/www.upo.es\/patio-colorado\/2025\/05\/13\/tiene-otro-nombre-la-blanca-y-verde\/","title":{"rendered":"\u00bfTiene otro nombre \u201cla blanca y verde\u201d?"},"content":{"rendered":"<p><span style=\"font-weight: 400\">\u00a1Hola color\u00e1s y coloraos!\u00a0<\/span><\/p>\n<p><span style=\"font-weight: 400\">Quiz\u00e1s el t\u00edtulo os pueda extra\u00f1ar, pero \u201cla blanca y verde\u201d hace efectivamente referencia a la bandera de Andaluc\u00eda, que m\u00e1s que un s\u00edmbolo es el sentimiento de pertenencia a la regi\u00f3n y la uni\u00f3n de sus vecinos. Aunque puede que no lo conozcamos, este sentimiento tiene un nombre que proviene de nuestra herencia andalus\u00ed, siendo ni m\u00e1s ni menos que \u201carbonaida\u201d, pero \u00bfqu\u00e9 significa esta palabra tan desconocida por el propio pueblo andaluz?\u00a0<\/span><\/p>\n<p><span style=\"font-weight: 400\">Etimol\u00f3gicamente, se considera que podr\u00eda provenir del vocablo \u201calbulaida\u201d diminutivo de \u201cbalad\u201d de la antigua lengua romance andalus\u00ed conocida como aljam\u00eda, que en castellano significar\u00eda \u201cmi tierra\u201d y por ello, surge como un apodo cari\u00f1oso que expresa este sentimiento.\u00a0<\/span><\/p>\n<p><span style=\"font-weight: 400\">Sin embargo, a lo largo de la historia andaluza se ha empleado para nombrar a distintos monumentos, como la primera mezquita fundada en Al-\u00c1ndalus ubicada en Algeciras, que recib\u00eda el nombre de las Arbonaidas, gracias a los innumerables pueblos que hab\u00edan pasado por la Pen\u00ednsula. Tambi\u00e9n se nombr\u00f3 durante un tiempo el patio del Alc\u00e1zar de Sevilla e incluso la puerta de Granada.<\/span><\/p>\n<p><span style=\"font-weight: 400\">Una palabra, \u201carbonaida\u201d, dos colores: blanco y verde, que representan bajo una bandera la extensa historia de esta regi\u00f3n, desde su menci\u00f3n en uno de los poemas del poeta de Guadix y visir del rey Almotac\u00edn en el a\u00f1o 1051, hasta la primera aprobaci\u00f3n del dise\u00f1o realizado por Blas Infante, que conocemos actualmente en 1918, que a\u00f1os despu\u00e9s fue prohibida tras la Guerra Civil y no volvi\u00f3 a ser aprobada y enarbolada hasta 1977.<\/span><\/p>\n<p><span style=\"font-weight: 400\">La elecci\u00f3n de los colores puede ser analizada desde diferentes puntos de vista, el motivo oficial, aunque se inspir\u00f3 en las banderas que las mujeres de su pueblo natal portaban en sus manifestaciones, representaba a la dinast\u00eda Omeya con el verde y a los Almohades con el blanco debido a la importancia que estos per\u00edodos tuvieron. Otra interpretaci\u00f3n es que el blanco representa la paz y el verde la esperanza, tal y como dicen los versos \u00e1rabes del poeta mencionado anteriormente que la cantan.<\/span><\/p>\n<p><span style=\"font-weight: 400\">Tal y como dijo Infante, B. (1936): \u201cLa Bandera Andaluza, s\u00edmbolo de Esperanza y de Paz, que aqu\u00ed hemos izado esta tarde, no nos traer\u00e1 ni la paz ni la esperanza ni la libertad si cada uno de nosotros no la lleva ya plenamente izada en su coraz\u00f3n\u201d\u00a0\u00a0<\/span><\/p>\n<p>&nbsp;<\/p>\n<p><span style=\"font-weight: 400\">Referencias:<\/span><\/p>\n<p><span style=\"font-weight: 400\">Blanca. (2022, 28 de febrero) <\/span><i><span style=\"font-weight: 400\">Bandera de Andaluc\u00eda: nombre, historia, curiosidades y el significado de sus colores. <\/span><\/i><a href=\"https:\/\/sobrehistoria.com\/bandera-andalucia-nombre-historia-curiosidades-significado-colores\/\"><span style=\"font-weight: 400\">https:\/\/sobrehistoria.com\/bandera-andalucia-nombre-historia-curiosidades-significado-colores\/<\/span><\/a><span style=\"font-weight: 400\">\u00a0<\/span><\/p>\n<p><span style=\"font-weight: 400\">Fundaci\u00f3n Blas Infante. (2022,9 de marzo). <\/span><i><span style=\"font-weight: 400\">Los s\u00edmbolos de Andaluc\u00eda son la bandera, el escudo y el himno. <\/span><\/i><a href=\"blank\"><span style=\"font-weight: 400\">https:\/\/fundaci\u00f3nblasinfante.org\/los-simbolos-de-andalucia\/<\/span><\/a><\/p>\n<p><span style=\"font-weight: 400\">Manuel, A. (2020, 23 de mayo). <\/span><i><span style=\"font-weight: 400\">\u00bfSabes por qu\u00e9 se llama Arbonaida la bandera de Andaluc\u00eda?<\/span><\/i><span style=\"font-weight: 400\"> La Voz del Sur <\/span><a href=\"https:\/\/lavozdelsur.es\/levantaos\/sabes-por-que-se-llama-arbonaida-la-bandera-de-Andaluc%C3%ADa_178389_102.html\"><span style=\"font-weight: 400\">https:\/\/lavozdelsur.es\/levantaos\/sabes-por-que-se-llama-arbonaida-la-bandera-de-Andaluc\u00eda_178389_102.html<\/span><\/a><\/p>\n<p><span style=\"font-weight: 400\">Valle, I. (2024, 30 de agosto) <\/span><i><span style=\"font-weight: 400\">Bandera de Andaluc\u00eda: por qu\u00e9 se llama arbonaida, significado de los colores blanco y verde y su origen. <\/span><\/i><span style=\"font-weight: 400\">20minutos. <\/span><a href=\"https:\/\/www.20minutos.es\/noticia\/5241383\/0\/bandera-andalucia-significado-colores-origen\/\"><span style=\"font-weight: 400\">https:\/\/www.20minutos.es\/noticia\/5241383\/0\/bandera-andalucia-significado-colores-origen\/<\/span><\/a><\/p>\n","protected":false},"excerpt":{"rendered":"<p>\u00a1Hola color\u00e1s y coloraos!\u00a0 Quiz\u00e1s el t\u00edtulo os pueda extra\u00f1ar, pero \u201cla blanca y verde\u201d hace efectivamente referencia a la bandera de Andaluc\u00eda, que m\u00e1s que un s\u00edmbolo es el sentimiento de pertenencia a la regi\u00f3n y la uni\u00f3n de sus vecinos. Aunque puede que no lo conozcamos, este sentimiento tiene un nombre que proviene [&hellip;]<\/p>\n","protected":false},"author":156,"featured_media":2907,"comment_status":"open","ping_status":"open","sticky":false,"template":"","format":"standard","meta":{"_acf_changed":false,"_monsterinsights_skip_tracking":false,"_monsterinsights_sitenote_active":false,"_monsterinsights_sitenote_note":"","_monsterinsights_sitenote_category":0,"footnotes":""},"categories":[23],"tags":[55,99,210],"class_list":["post-9749","post","type-post","status-publish","format-standard","has-post-thumbnail","hentry","category-patrimonio-vivo","tag-andalucia","tag-cultura","tag-historia"],"blocksy_meta":[],"acf":[],"jetpack_featured_media_url":"https:\/\/www.upo.es\/patio-colorado\/wp-content\/uploads\/2021\/05\/Bandera_de_Andalucia_32513961673-scaled.jpg","_links":{"self":[{"href":"https:\/\/www.upo.es\/patio-colorado\/wp-json\/wp\/v2\/posts\/9749","targetHints":{"allow":["GET"]}}],"collection":[{"href":"https:\/\/www.upo.es\/patio-colorado\/wp-json\/wp\/v2\/posts"}],"about":[{"href":"https:\/\/www.upo.es\/patio-colorado\/wp-json\/wp\/v2\/types\/post"}],"author":[{"embeddable":true,"href":"https:\/\/www.upo.es\/patio-colorado\/wp-json\/wp\/v2\/users\/156"}],"replies":[{"embeddable":true,"href":"https:\/\/www.upo.es\/patio-colorado\/wp-json\/wp\/v2\/comments?post=9749"}],"version-history":[{"count":1,"href":"https:\/\/www.upo.es\/patio-colorado\/wp-json\/wp\/v2\/posts\/9749\/revisions"}],"predecessor-version":[{"id":9750,"href":"https:\/\/www.upo.es\/patio-colorado\/wp-json\/wp\/v2\/posts\/9749\/revisions\/9750"}],"wp:featuredmedia":[{"embeddable":true,"href":"https:\/\/www.upo.es\/patio-colorado\/wp-json\/wp\/v2\/media\/2907"}],"wp:attachment":[{"href":"https:\/\/www.upo.es\/patio-colorado\/wp-json\/wp\/v2\/media?parent=9749"}],"wp:term":[{"taxonomy":"category","embeddable":true,"href":"https:\/\/www.upo.es\/patio-colorado\/wp-json\/wp\/v2\/categories?post=9749"},{"taxonomy":"post_tag","embeddable":true,"href":"https:\/\/www.upo.es\/patio-colorado\/wp-json\/wp\/v2\/tags?post=9749"}],"curies":[{"name":"wp","href":"https:\/\/api.w.org\/{rel}","templated":true}]}}