{"id":9751,"date":"2025-05-13T16:19:27","date_gmt":"2025-05-13T16:19:27","guid":{"rendered":"https:\/\/www.upo.es\/patio-colorado\/?p=9751"},"modified":"2025-05-13T16:19:27","modified_gmt":"2025-05-13T16:19:27","slug":"tablao-el-arenal-arte-flamenco-y-carisma-en-cada-esquina","status":"publish","type":"post","link":"https:\/\/www.upo.es\/patio-colorado\/2025\/05\/13\/tablao-el-arenal-arte-flamenco-y-carisma-en-cada-esquina\/","title":{"rendered":"Tablao El Arenal, arte flamenco y carisma en cada esquina"},"content":{"rendered":"<p><span style=\"font-weight: 400\">\u00a1Hola coloraos y color\u00e1s!<\/span><\/p>\n<p><span style=\"font-weight: 400\">Os voy a ser sincera, en el momento en el que nos propusieron escribir sobre el patrimonio andaluz a m\u00ed se me vino r\u00e1pidamente a la cabeza este establecimiento que yo visit\u00e9 de peque\u00f1a y al que mi familia le guarda tanto cari\u00f1o.\u00a0<\/span><\/p>\n<figure id=\"attachment_9757\" aria-describedby=\"caption-attachment-9757\" style=\"width: 300px\" class=\"wp-caption aligncenter\"><img loading=\"lazy\" decoding=\"async\" class=\"wp-image-9757 size-medium\" src=\"https:\/\/www.upo.es\/patio-colorado\/wp-content\/uploads\/2025\/05\/Imagen-de-WhatsApp-2025-05-13-a-las-18.16.14_18149cad-e1747153097117-300x300.jpg\" alt=\"\" width=\"300\" height=\"300\" srcset=\"https:\/\/www.upo.es\/patio-colorado\/wp-content\/uploads\/2025\/05\/Imagen-de-WhatsApp-2025-05-13-a-las-18.16.14_18149cad-e1747153097117-300x300.jpg 300w, https:\/\/www.upo.es\/patio-colorado\/wp-content\/uploads\/2025\/05\/Imagen-de-WhatsApp-2025-05-13-a-las-18.16.14_18149cad-e1747153097117-150x150.jpg 150w, https:\/\/www.upo.es\/patio-colorado\/wp-content\/uploads\/2025\/05\/Imagen-de-WhatsApp-2025-05-13-a-las-18.16.14_18149cad-e1747153097117.jpg 720w\" sizes=\"auto, (max-width: 300px) 100vw, 300px\" \/><figcaption id=\"caption-attachment-9757\" class=\"wp-caption-text\">Fachada\u00a0 del Tablao El Arenal<\/figcaption><\/figure>\n<p><span style=\"font-weight: 400\">Este Tablao se encuentra en la calle Rodo de Sevilla, no muy lejos del Arco del Postigo, y para poder hablaros de \u00e9l con propiedad he tenido la suerte de poder contactar con Loles, la propietaria actual, y Fran, su padre, el antiguo propietario, quien lo fue despu\u00e9s de su padre, el bailaor trianero Curro V\u00e9lez. V\u00e9lez fue quien abri\u00f3 este establecimiento al pueblo sevillano en 1975 y, gracias a ellos, podr\u00e9 hablaros del duende que fluye por sus tablas desde una perspectiva \u00fanica.<\/span><\/p>\n<p><span style=\"font-weight: 400\">\u00abCuando mi padre lo compr\u00f3, mi t\u00edo Domingo le dec\u00eda que era una locura, pero \u00e9l cre\u00eda en lo que estaba haciendo\u00bb, me dec\u00eda Fran al contarme que en esa \u00e9poca toda la calle Rodo no eran m\u00e1s que escombros. En esta calle, desde cero, comenzaron a asentar las bases de lo que hoy en d\u00eda es el Tablao. Naci\u00f3 con la intenci\u00f3n de convertirse en un espacio aut\u00e9ntico donde la esencia del arte flamenco pudiera brillar y, hoy en d\u00eda, gracias al apoyo que Curro recibi\u00f3 de sus familiares y las muchas dificultades que atravesaron, su nieta Loles nos ofrece la posibilidad de visitar este establecimiento que desde sus inicios se ha comprometido con la calidad y la tradici\u00f3n.<\/span><\/p>\n<figure id=\"attachment_9754\" aria-describedby=\"caption-attachment-9754\" style=\"width: 300px\" class=\"wp-caption aligncenter\"><img loading=\"lazy\" decoding=\"async\" class=\"wp-image-9754 size-medium\" title=\"Curro V\u00e9lez en un ensayo con Pepa Montes\" src=\"https:\/\/www.upo.es\/patio-colorado\/wp-content\/uploads\/2025\/05\/Imagen-de-WhatsApp-2025-05-13-a-las-17.57.15_f2479ee8-e1747152596193-300x222.jpg\" alt=\"\" width=\"300\" height=\"222\" srcset=\"https:\/\/www.upo.es\/patio-colorado\/wp-content\/uploads\/2025\/05\/Imagen-de-WhatsApp-2025-05-13-a-las-17.57.15_f2479ee8-e1747152596193-300x222.jpg 300w, https:\/\/www.upo.es\/patio-colorado\/wp-content\/uploads\/2025\/05\/Imagen-de-WhatsApp-2025-05-13-a-las-17.57.15_f2479ee8-e1747152596193.jpg 709w\" sizes=\"auto, (max-width: 300px) 100vw, 300px\" \/><figcaption id=\"caption-attachment-9754\" class=\"wp-caption-text\">Curro V\u00e9lez en un ensayo con Pepa Montes<\/figcaption><\/figure>\n<p><span style=\"font-weight: 400\">Hoy en d\u00eda, mantener abiert<\/span><b><\/b>o un establecimiento como este y que resulte rentable sin separarse de su esencia es muy complicado de conseguir. Sin embargo, he podido entrevistar a Loles, la propietaria, quien ha respondido a todas las dudas que me surg\u00edan al respecto, desvel\u00e1ndome los secretos que hacen que siga teniendo tanto \u00e9xito. As\u00ed que sin m\u00e1s dilaci\u00f3n, \u00a1empezamos!<\/p>\n<p><b>Marta: En primer lugar, me gustar\u00eda preguntarte cu\u00e1ndo y c\u00f3mo naci\u00f3 este tablao.<\/b><\/p>\n<p><i><span style=\"font-weight: 400\">Loles: Tablao Flamenco El Arenal naci\u00f3 en 1975, en el coraz\u00f3n de Sevilla, con la visi\u00f3n de crear un espacio aut\u00e9ntico donde el arte flamenco pudiera brillar en toda su esencia. Desde sus inicios, se ha comprometido con la calidad y la tradici\u00f3n, convirti\u00e9ndose en un referente del flamenco en Andaluc\u00eda.<\/span><\/i><\/p>\n<p><b>M: \u00bfPodr\u00edas decirnos c\u00f3mo ha evoluc<\/b><b>ionado a lo largo de los a\u00f1os?\u00a0<\/b><\/p>\n<p><i><span style=\"font-weight: 400\">L: A lo largo de casi cinco d\u00e9cadas, El Arenal ha mantenido viva la esencia del flamenco tradicional, pero tambi\u00e9n ha sabido adaptarse a los nuevos tiempos. Ha modernizado sus instalaciones sin perder el encanto andaluz y ha enriquecido su oferta con experiencias como la combinaci\u00f3n de espect\u00e1culos con tapas y cenas a la carta, atrayendo tanto a amantes del flamenco como a quienes buscan una velada cultural compl<\/span><\/i><i>eta.<\/i><\/p>\n<p><b>M: Y, \u00bfqu\u00e9 lo diferencia de otros en Andaluc\u00eda?<\/b><\/p>\n<p><i><span style=\"font-weight: 400\">L: El Arenal destaca por la calidad y autenticidad de sus espect\u00e1culos, la selecci\u00f3n de artistas de primer nivel y la atm\u00f3sfera \u00edntima y elegante del local. La combinaci\u00f3n de un flamenco apasionado con una oferta gastron\u00f3mica cuidada lo convierte en una experiencia \u00fanica que va m\u00e1s all\u00e1 del espect\u00e1culo.<\/span><\/i><\/p>\n<p><b>M: \u00bfQu\u00e9 ten\u00e9is en cuenta a la hora de selecci<\/b><b>onar a los artistas que act\u00faan aqu\u00ed?<\/b><\/p>\n<p><i><span style=\"font-weight: 400\">L: La selecci\u00f3n es muy rigurosa, se priorizan bailaores, cantaores y guitarristas con una s\u00f3lida trayectoria, pero tambi\u00e9n se da espacio a j\u00f3venes promesas que demuestran talento y pasi\u00f3n, la direcci\u00f3n art\u00edstica se encarga de mantener un equilibrio entre experiencia y frescura en el escenario.<\/span><\/i><\/p>\n<p><b>M: \u00bfC\u00f3mo describir\u00edas la experiencia de venir a un espect\u00e1culo aqu\u00ed?<\/b><\/p>\n<p><i><span style=\"font-weight: 400\">L: Es una experiencia emocionante y envolvente<\/span><\/i><i>. Desde el momento en que entras, te sumerges en el ambiente andaluz, con una decoraci\u00f3n tradicional y un trato cercano. El espect\u00e1culo es intenso, lleno de fuerza y sentimiento, y si lo acompa\u00f1as con tapas o cena, el disfrute es completo.<\/i><\/p>\n<p><b>M: \u00bfQu\u00e9 papel juega la improvisaci\u00f3n en las actuaciones?<\/b><\/p>\n<p><i><span style=\"font-weight: 400\">L: La improvisaci\u00f3n es esencial en el flamenco, y en El Arenal ocupa un lugar especial. Aunque hay una estructura b\u00e1sica en cada espect\u00e1culo, los artistas tienen la libertad para dejarse llevar p<\/span><\/i><i>or el momento, creando una conexi\u00f3n \u00fanica entre ellos y el p\u00fablico.<\/i><\/p>\n<p><b>M:<\/b> <b>\u00bfHa habido artistas destacados que hayan pasado por este escenario?<\/b><\/p>\n<p><i><span style=\"font-weight: 400\">L:\u00a0 Por El Arenal han pasado grandes figuras del flamenco, tanto consagradas como emergentes. Como es Loly Flores, Ram\u00f3n Amador, Carmen Lozano, Rafael de Utrera, Patricia Guerrero\u2026 Nuestro Tablao es conocido como una plataforma de excelencia donde muchos artistas han dado pasos importantes en sus carreras.<\/span><\/i><\/p>\n<p><b>M:<\/b> <b>\u00bfC\u00f3mo ha cambiado el p\u00fablico a lo largo del tiempo? \u00bfHay m\u00e1s turistas o gente local?<\/b><\/p>\n<p><i><span style=\"font-weight: 400\">L: El p\u00fablico ha evolucionado en su diversidad. Antes predominaban los locales y aficionados al flamenco, y con el tiempo se ha sumado un p\u00fablico internacional cada vez m\u00e1s interesado en esta expresi\u00f3n cultural que hoy en d\u00eda representan al 90% de nuestro p\u00fablico que buscan una experiencia aut\u00e9ntica en Sevilla.<\/span><\/i><\/p>\n<p><span style=\"font-weight: 400\">M:<\/span><b> \u00bfTiene alguna conexi\u00f3n con escuelas o j\u00f3venes talentos del flamenco?<\/b><\/p>\n<p><i><span style=\"font-weight: 400\">L: S\u00ed, El Arenal mantiene una relaci\u00f3n cercana con j\u00f3venes artistas, ofreciendo oportunidades para que se presenten en el escenario y crezcan profesionalmente.<\/span><\/i><\/p>\n<p><span style=\"font-weight: 400\">M: <\/span><b>\u00bfC\u00f3mo ha<\/b> <b>afectado la digitalizaci\u00f3n al mundo del flamenco?<\/b><\/p>\n<p><i><span style=\"font-weight: 400\">L: La digitalizaci\u00f3n ha dado mayor visibilidad al flamenco, permitiendo que el arte llegue a p\u00fablicos globales. Sin embargo, tambi\u00e9n plantea el reto de transmitir la intensidad y emoci\u00f3n del directo a trav\u00e9s de medios digitales. Por eso, la experiencia en vivo sigue siendo insustituible.<\/span><\/i><\/p>\n<p><span style=\"font-weight: 400\">M: <\/span><b>Finalmente, \u00bfcu\u00e1les son los mayores desaf\u00edos para mantener vivo un tablao hoy en d\u00eda?<\/b><\/p>\n<p><i><span style=\"font-weight: 400\">L: Uno de los mayores desaf\u00edos es mantener el equilibrio entre la tradici\u00f3n y la innovaci\u00f3n, sin perder la esencia del flamenco tradicional.<\/span><\/i><\/p>\n<p><span style=\"font-weight: 400\">Asistir a un espect\u00e1culo en el Tablao Flamenco El Arenal no es solo eso, es adentrarse en la Sevilla que canta, baila y emociona, la Sevilla que trastoca los sentidos con el quej\u00edo de un cantaor, unos cuantos acordes de guitarra y el taconeo en las tablas, es el legado de Curro V\u00e9lez que su familia con tanto esmero ha mantenido en estos casi cincuenta a\u00f1os.\u00a0<\/span><\/p>\n<p><span style=\"font-weight: 400\">Son artistas que cada tarde llenan el Tablao de palmas y guitarras, y es por eso por lo que cada vez que paso por delante de su fachada, sonr\u00edo recordando aquella vez que fui con mis padres y me qued\u00e9 fascinada al encontrar tanto arte entre cuatro paredes, con pases hipnotizantes que te dejaban guardar un poquito de duende en los libreros de tu mente. Como archivos permanentes, que, en el momento menos pensado, revives como se sienten.<\/span><\/p>\n","protected":false},"excerpt":{"rendered":"<p>\u00a1Hola coloraos y color\u00e1s! Os voy a ser sincera, en el momento en el que nos propusieron escribir sobre el patrimonio andaluz a m\u00ed se me vino r\u00e1pidamente a la cabeza este establecimiento que yo visit\u00e9 de peque\u00f1a y al que mi familia le guarda tanto cari\u00f1o.\u00a0 Este Tablao se encuentra en la calle Rodo [&hellip;]<\/p>\n","protected":false},"author":156,"featured_media":9753,"comment_status":"open","ping_status":"open","sticky":false,"template":"","format":"standard","meta":{"_acf_changed":false,"_monsterinsights_skip_tracking":false,"_monsterinsights_sitenote_active":false,"_monsterinsights_sitenote_note":"","_monsterinsights_sitenote_category":0,"footnotes":""},"categories":[403],"tags":[99,89,6,1131],"class_list":["post-9751","post","type-post","status-publish","format-standard","has-post-thumbnail","hentry","category-historias-y-mucho-mas","tag-cultura","tag-flamenco","tag-sevilla","tag-tablaoelarenal"],"blocksy_meta":[],"acf":[],"jetpack_featured_media_url":"https:\/\/www.upo.es\/patio-colorado\/wp-content\/uploads\/2025\/05\/Imagen-de-WhatsApp-2025-05-13-a-las-17.55.01_209aebef.jpg","_links":{"self":[{"href":"https:\/\/www.upo.es\/patio-colorado\/wp-json\/wp\/v2\/posts\/9751","targetHints":{"allow":["GET"]}}],"collection":[{"href":"https:\/\/www.upo.es\/patio-colorado\/wp-json\/wp\/v2\/posts"}],"about":[{"href":"https:\/\/www.upo.es\/patio-colorado\/wp-json\/wp\/v2\/types\/post"}],"author":[{"embeddable":true,"href":"https:\/\/www.upo.es\/patio-colorado\/wp-json\/wp\/v2\/users\/156"}],"replies":[{"embeddable":true,"href":"https:\/\/www.upo.es\/patio-colorado\/wp-json\/wp\/v2\/comments?post=9751"}],"version-history":[{"count":5,"href":"https:\/\/www.upo.es\/patio-colorado\/wp-json\/wp\/v2\/posts\/9751\/revisions"}],"predecessor-version":[{"id":9759,"href":"https:\/\/www.upo.es\/patio-colorado\/wp-json\/wp\/v2\/posts\/9751\/revisions\/9759"}],"wp:featuredmedia":[{"embeddable":true,"href":"https:\/\/www.upo.es\/patio-colorado\/wp-json\/wp\/v2\/media\/9753"}],"wp:attachment":[{"href":"https:\/\/www.upo.es\/patio-colorado\/wp-json\/wp\/v2\/media?parent=9751"}],"wp:term":[{"taxonomy":"category","embeddable":true,"href":"https:\/\/www.upo.es\/patio-colorado\/wp-json\/wp\/v2\/categories?post=9751"},{"taxonomy":"post_tag","embeddable":true,"href":"https:\/\/www.upo.es\/patio-colorado\/wp-json\/wp\/v2\/tags?post=9751"}],"curies":[{"name":"wp","href":"https:\/\/api.w.org\/{rel}","templated":true}]}}