{"id":9780,"date":"2025-05-14T15:25:29","date_gmt":"2025-05-14T15:25:29","guid":{"rendered":"https:\/\/www.upo.es\/patio-colorado\/?p=9780"},"modified":"2025-05-14T15:25:29","modified_gmt":"2025-05-14T15:25:29","slug":"estudio-de-la-iaph-a-los-angeles-del-paso-del-gran-poder-publico-en-la-imagen-revelada","status":"publish","type":"post","link":"https:\/\/www.upo.es\/patio-colorado\/2025\/05\/14\/estudio-de-la-iaph-a-los-angeles-del-paso-del-gran-poder-publico-en-la-imagen-revelada\/","title":{"rendered":"Estudio de la IAPH a los \u00e1ngeles del paso del Gran Poder p\u00fablico en La imagen revelada"},"content":{"rendered":"<p>\u00a1Hola color\u00e1s y coloraos!<\/p>\n<p>En esta ocasi\u00f3n vamos a comentar la investigaci\u00f3n del IAPH a los \u00e1ngeles del Gran Poder y hablaremos sobre la exposici\u00f3n La imagen revelada.<\/p>\n<p>En primer lugar hay que hablar sobre el Gran Poder el cual es una de las manifestaciones m\u00e1s notorias de la Semana Santa sevillana debido a sus componentes art\u00edsticos de alt\u00edsima calidad, y los sentimientos que despierta entre sus fieles, llegando a ser una devoci\u00f3n que despierta las m\u00e1s altas expectaciones entre los feligreses de distintas zonas de espa\u00f1a, rompiendo con los convencionalismos regionales que suelen entrar en la zona de andaluc\u00eda.<\/p>\n<p>La talla en s\u00ed fue realizada por Juan de Mesa en 1620, siendo considerada como una obra maestra de la iconograf\u00eda barroca. Dicha talla procesion\u00f3 sin incidencias durante la madrugada del Viernes Santo en Sevilla sobre un paso, ideado y realizado por Francisco Ruiz Gij\u00f3n en 1688, el cual es considerado como un \u201cretablo m\u00f3vil\u201d por muchos especialistas en arte barroco, y cuyo dise\u00f1o se ha convertido en una gran fuente de inspiraci\u00f3n para el resto de procesiones sevillanas.<\/p>\n<p>El paso est\u00e1 fechado como el m\u00e1s antiguo en la labor de realizar la estaci\u00f3n de penitencia y fue sometido hace casi quince a\u00f1os a una meticulosa restauraci\u00f3n en el Instituto Andaluz del Patrimonio Hist\u00f3rico de Andaluc\u00eda (IAPH), organismo de referencia internacional en conservaci\u00f3n y dependiente de la Consejer\u00eda de Cultura y Deporte. Dicha intervenci\u00f3n consigui\u00f3 reintegrar los valores est\u00e9ticos de una serie de andas que ten\u00edan algunos problemas de soporte y policrom\u00eda y tras el proceso, se logr\u00f3 recuperar su dimensi\u00f3n como microarquitectura de gran valor est\u00e9tico y calidad superior, conservando su impronta de oro mate, la transparencia del calado de la canastilla y dem\u00e1s elementos que le otorgan su gran teatralidad barroca.<\/p>\n<p>Este proyecto de conservaci\u00f3n del paso del Gran Poder marc\u00f3 un antes y un despu\u00e9s, se\u00f1ala la jefa del departamento de talleres del Centro de Intervenci\u00f3n del IAPH, Roc\u00edo Magdaleno. \u00abTransform\u00f3 la manera de abordar la restauraci\u00f3n de los pasos con criterios profesionales\u00bb. Esto se debe en gran medida a que anteriormente las restauraciones las acomet\u00edan principalmente los artesanos, pero a partir de este proceso se busca un enfoque cient\u00edfico a los procesos de restauraci\u00f3n, lo que enmarca al IAPH como un agente de conocimiento de estos procesos. El proyecto, adem\u00e1s, fue el primero financiado a trav\u00e9s del Plan Andaluz de I+D+I, unido a los esfuerzos de otras entidades como las universidades y organismos internacionales.<\/p>\n<p>En cuanto a la imagen y el estudio de uno de los \u00e1ngeles que adornan el paso del Gran Poder, destaca la metodolog\u00eda empleada, siendo que los investigadores realizaron fotograf\u00edas en rayos X de las andas, en cuya canastilla sobresalen, adem\u00e1s de elementos animales y vegetales, veinticuatro esculturas de \u00e1ngeles de bulto redondo que muestran posiciones diferentes, clave para dar profundidad y dinamismo al conjunto pict\u00f3rico que compone el paso, dando la sensaci\u00f3n de dialogar con el espectador y completan sus escenas con otros seis \u00e1ngeles pasionales de mayor tama\u00f1o.<\/p>\n<p>Algunas de estas im\u00e1genes obtenidas por el IAPH se muestran en la exposici\u00f3n La imagen revelada abierta hasta el 30 de mayo junto a radiograf\u00edas de otros 49 bienes, de aproximadamente treinta hermandades y cofrad\u00edas andaluzas , sometidos a procesos de estudio y restauraci\u00f3n en los \u00faltimos treinta a\u00f1os, que revelan una im\u00e1gen in\u00e9dita de las obras de distintos maestros del barroco como pueden ser Juan Mart\u00ednez Monta\u00f1\u00e9s, Pedro Rold\u00e1n, Juan Bautista, Jos\u00e9 de Mora y V\u00e1zquez &#8216;El Viejo&#8217;, entre otros.<\/p>\n<p><img loading=\"lazy\" decoding=\"async\" class=\"alignnone size-medium wp-image-9781\" src=\"https:\/\/www.upo.es\/patio-colorado\/wp-content\/uploads\/2025\/05\/exposicion-300x169.jpg\" alt=\"\" width=\"300\" height=\"169\" srcset=\"https:\/\/www.upo.es\/patio-colorado\/wp-content\/uploads\/2025\/05\/exposicion-300x169.jpg 300w, https:\/\/www.upo.es\/patio-colorado\/wp-content\/uploads\/2025\/05\/exposicion-1024x576.jpg 1024w, https:\/\/www.upo.es\/patio-colorado\/wp-content\/uploads\/2025\/05\/exposicion-768x432.jpg 768w, https:\/\/www.upo.es\/patio-colorado\/wp-content\/uploads\/2025\/05\/exposicion.jpg 1200w\" sizes=\"auto, (max-width: 300px) 100vw, 300px\" \/><\/p>\n<p>Fuente: <a href=\"https:\/\/www.elcorreoweb.es\/semana-santa\/2025\/03\/18\/exposicion-imagen-revelada-iaph-instalaciones-115424515.html#foto=3\">Exposici\u00f3n La Imagen Revelada en el IAPH, en las instalaciones de La Cartuja. (Sevilla)<\/a><\/p>\n<p>El visionado de dichas im\u00e1genes de rayos X permite a un p\u00fablico no especializado el acercamiento did\u00e1ctico a la investigaci\u00f3n cient\u00edfica del \u00e1mbito del arte desde perspectivas poco habituales, sirviendo como un medio adicional de ampliaci\u00f3n de la cultura cient\u00edfica de la sociedad hacia tem\u00e1ticas relacionadas directamente con las manifestaciones art\u00edsticas y el patrimonio hist\u00f3rico, adem\u00e1s de servir como punto de referencia en la concienciaci\u00f3n de la conservaci\u00f3n y cuidado del mismo. Otro objetivo de esta iniciativa es el del acercamiento directo de la ciudadan\u00eda a estas obras como medida ampliada del deleite en la belleza de determinadas obras art\u00edsticas. En el caso de los \u00e1ngeles del Gran Poder por ejemplo, se ha buscado transmitir una sensaci\u00f3n amable y c\u00e1lida de bienvenida al ingreso a la exposici\u00f3n al colocar sus im\u00e1genes en la recepci\u00f3n, a modo de saludo po\u00e9tico entre los anfitriones y sus espectadores.<\/p>\n<p>Adem\u00e1s de lo mencionado anteriormente, Magdaleno comenta que, a los datos cient\u00edficos que aportan estas im\u00e1genes de rayos X y que permiten conocer \u00abla estructura interna de todos los elementos ocultos en las esculturas y que no se pueden ver de otra manera. Junto con el TAC, esta t\u00e9cnica es fundamental para las restauraciones de esculturas y ofrece una informaci\u00f3n tremenda, que va desde la densidad de los materiales a las intervenciones realizadas sobre la obra. Incluso para los historiadores aporta informaci\u00f3n sobre la t\u00e9cnica constructiva o las modificaciones realizadas por el propio artista\u00bb.<\/p>\n<p>En el caso del Gran Poder, detectamos que los \u00e1ngeles han sido repolicromados en m\u00faltiples ocasiones desde su confecci\u00f3n original, aunque dichas restauraciones se han centrado en mantener una calidad que no justificaba retirarlas. Los \u00e1ngeles del paso en concreto han tenido tres restauraciones documentadas: en 1775 hay una primera sobre los pasionarios, que se recompusieron; otra entre 1965 y 1969 en el taller de Antonio Castillo Lastrucci, en la que se repusieron, sobre todo, piezas; y una \u00faltima en 1988 en el taller de Cayetano Gonz\u00e1lez. La del IAPH se realiz\u00f3 entre 2011 y 2012.<\/p>\n<p>La restauraci\u00f3n del IAPH tuvo un presupuesto de 137.000 euros, la mayor\u00eda aportados por la propia hermandad y se centr\u00f3 en problemas de soporte y policrom\u00eda, as\u00ed como fisuras y grietas. En el caso de los \u00e1ngeles se han reportado peque\u00f1as p\u00e9rdidas como dedos de algunas de las piezas y parte de la policrom\u00eda, as\u00ed como fisuras y grietas menores, tambi\u00e9n se intervino en los barnices oscurecidos que ocultaban el cromatismo original, adem\u00e1s debido a su gran calidad, los \u00e1ngeles no ten\u00edan problemas de ensamblaje en el cuerpo central del paso.<\/p>\n<p>El resultado de la restauraci\u00f3n ha sido abiertamente apreciado por la comunidad cofrade desde hace m\u00e1s de una d\u00e9cada en \u00abLa Madrug\u00e1\u00bb aunque estos d\u00edas tambi\u00e9n pueden acercarse al instituto para conocer la luz oculta que muestran a trav\u00e9s de los rayos X estos \u00e1ngeles de la canastilla del paso, junto a las cuales se exponen tambi\u00e9n, interesantes radiograf\u00edas como la de la talla del Nazareno del perd\u00f3n de Juan de Mesa o el Cristo de la providencia de Montes Oca y el Cristo de la expiraci\u00f3n del museo de Marcos Cabrera entre otras.<\/p>\n<p>De esta forma la exposici\u00f3n La imagen revelada se centra en la muestra de las radiograf\u00edas realizadas a diversas im\u00e1genes y dem\u00e1s esculturas de gran peso art\u00edstico y patrimonial llevadas a cabo por el IAPH (instituci\u00f3n que cuenta con treintaicinco a\u00f1os de experiencia cient\u00edfica art\u00edstica a sus espaldas junto con sus m\u00e1s de 200 actuaciones de conservaci\u00f3n y restauraci\u00f3n relacionadas con el arte sacro).<\/p>\n<p>La imagen revelada se puede visitar en la sala expositiva del Claustro de Legos del IAPH, en el Monasterio de la Cartuja de Sevilla, en horario de martes a viernes, de 10 a 13 horas y de 17 a 20 horas; s\u00e1bados, de 11 a 14 horas y de 17 a 20 horas; y domingos y festivos, de 11 a 14 horas. La exposici\u00f3n permanecer\u00e1 abierta hasta el 30 de mayo y tiene entrada libre.<\/p>\n<p>&nbsp;<\/p>\n<p>&nbsp;<\/p>\n<p>Bibliograf\u00eda:<\/p>\n<p>GovClipping. (2025, abril 17). El IAPH revela la luz oculta de los \u00e1ngeles del paso del Gran Poder de Sevilla. Recuperado de <a href=\"https:\/\/govclipping.com\/es\/andalucia\/press_release\/2025-04-17\/992170-iaph-revela-luz-oculta-angeles-paso-gran-poder-sevilla\">https:\/\/govclipping.com\/es\/andalucia\/press_release\/2025-04-17\/992170-iaph-revela-luz-oculta-angeles-paso-gran-poder-sevilla<\/a><\/p>\n<p>Fuente de la Imagen destacada: <a href=\"https:\/\/www.juntadeandalucia.es\/presidencia\/portavoz\/cultura\/203727\/ConsejeriadeCulturayDeporte\/GranPoder\/angeles\/paso\/iaph\/luz\/sevilla\/arte\/restauracion\">https:\/\/www.juntadeandalucia.es\/presidencia\/portavoz\/cultura\/203727\/ConsejeriadeCulturayDeporte\/GranPoder\/angeles\/paso\/iaph\/luz\/sevilla\/arte\/restauracion<\/a><\/p>\n","protected":false},"excerpt":{"rendered":"<p>\u00a1Hola color\u00e1s y coloraos! En esta ocasi\u00f3n vamos a comentar la investigaci\u00f3n del IAPH a los \u00e1ngeles del Gran Poder y hablaremos sobre la exposici\u00f3n La imagen revelada. En primer lugar hay que hablar sobre el Gran Poder el cual es una de las manifestaciones m\u00e1s notorias de la Semana Santa sevillana debido a sus [&hellip;]<\/p>\n","protected":false},"author":157,"featured_media":9782,"comment_status":"open","ping_status":"open","sticky":false,"template":"","format":"standard","meta":{"_acf_changed":false,"_monsterinsights_skip_tracking":false,"_monsterinsights_sitenote_active":false,"_monsterinsights_sitenote_note":"","_monsterinsights_sitenote_category":0,"footnotes":""},"categories":[45,1,24,46,1110,44,301],"tags":[80,55,64,346,59,332,85,259],"class_list":["post-9780","post","type-post","status-publish","format-standard","has-post-thumbnail","hentry","category-boletin-colorao","category-sin-categoria","category-conservacion-y-restauracion","category-en-la-prensa","category-noticias","category-patrimonio","category-sevilla","tag-actualidad","tag-andalucia","tag-patrimonio","tag-patrimoniocultural","tag-semanasanta","tag-sevilla-cultura","tag-exposicion","tag-turismo"],"blocksy_meta":[],"acf":[],"jetpack_featured_media_url":"https:\/\/www.upo.es\/patio-colorado\/wp-content\/uploads\/2025\/05\/angeles.jpg","_links":{"self":[{"href":"https:\/\/www.upo.es\/patio-colorado\/wp-json\/wp\/v2\/posts\/9780","targetHints":{"allow":["GET"]}}],"collection":[{"href":"https:\/\/www.upo.es\/patio-colorado\/wp-json\/wp\/v2\/posts"}],"about":[{"href":"https:\/\/www.upo.es\/patio-colorado\/wp-json\/wp\/v2\/types\/post"}],"author":[{"embeddable":true,"href":"https:\/\/www.upo.es\/patio-colorado\/wp-json\/wp\/v2\/users\/157"}],"replies":[{"embeddable":true,"href":"https:\/\/www.upo.es\/patio-colorado\/wp-json\/wp\/v2\/comments?post=9780"}],"version-history":[{"count":2,"href":"https:\/\/www.upo.es\/patio-colorado\/wp-json\/wp\/v2\/posts\/9780\/revisions"}],"predecessor-version":[{"id":9784,"href":"https:\/\/www.upo.es\/patio-colorado\/wp-json\/wp\/v2\/posts\/9780\/revisions\/9784"}],"wp:featuredmedia":[{"embeddable":true,"href":"https:\/\/www.upo.es\/patio-colorado\/wp-json\/wp\/v2\/media\/9782"}],"wp:attachment":[{"href":"https:\/\/www.upo.es\/patio-colorado\/wp-json\/wp\/v2\/media?parent=9780"}],"wp:term":[{"taxonomy":"category","embeddable":true,"href":"https:\/\/www.upo.es\/patio-colorado\/wp-json\/wp\/v2\/categories?post=9780"},{"taxonomy":"post_tag","embeddable":true,"href":"https:\/\/www.upo.es\/patio-colorado\/wp-json\/wp\/v2\/tags?post=9780"}],"curies":[{"name":"wp","href":"https:\/\/api.w.org\/{rel}","templated":true}]}}