{"id":9802,"date":"2025-05-25T17:51:04","date_gmt":"2025-05-25T17:51:04","guid":{"rendered":"https:\/\/www.upo.es\/patio-colorado\/?p=9802"},"modified":"2025-05-25T17:51:04","modified_gmt":"2025-05-25T17:51:04","slug":"que-nos-cuelguen","status":"publish","type":"post","link":"https:\/\/www.upo.es\/patio-colorado\/2025\/05\/25\/que-nos-cuelguen\/","title":{"rendered":"\u00a1Qu\u00e9 nos cuelguen!"},"content":{"rendered":"<p><span style=\"font-weight: 400\">\u00a1Hola color\u00e1s y coloraos!\u00a0<\/span><\/p>\n<p><span style=\"font-weight: 400\">Quiz\u00e1s el t\u00edtulo os ha confundido un poco, pero a lo largo de este art\u00edculo, entender\u00e9is el porqu\u00e9 de \u00e9l.\u00a0<\/span><\/p>\n<p><span style=\"font-weight: 400\">El arte y la cultura andaluza no se limitan a las sevillanas,\u00a0 la Semana Santa, el Carnaval o las\u00a0 ferias, y\u00a0 aunque todo esto forma parte de nuestra esencia, hay otras formas de transmitir, contar y emocionarse, como lienzos con distintas t\u00e9cnicas utilizadas, pigmentos, materiales como el pan de oro y pinceladas, creados por j\u00f3venes que buscan poder organizar exposiciones en las que sus obras est\u00e9n disponibles al p\u00fablico, son pocos los que consiguen obtener este privilegio en el que hay tan poco apoyo institucional.\u00a0<\/span><\/p>\n<figure id=\"attachment_9805\" aria-describedby=\"caption-attachment-9805\" style=\"width: 225px\" class=\"wp-caption aligncenter\"><img loading=\"lazy\" decoding=\"async\" class=\"wp-image-9805 size-medium\" src=\"https:\/\/www.upo.es\/patio-colorado\/wp-content\/uploads\/2025\/05\/expo-david-2-225x300.jpg\" alt=\"\" width=\"225\" height=\"300\" srcset=\"https:\/\/www.upo.es\/patio-colorado\/wp-content\/uploads\/2025\/05\/expo-david-2-225x300.jpg 225w, https:\/\/www.upo.es\/patio-colorado\/wp-content\/uploads\/2025\/05\/expo-david-2-768x1024.jpg 768w, https:\/\/www.upo.es\/patio-colorado\/wp-content\/uploads\/2025\/05\/expo-david-2-1152x1536.jpg 1152w, https:\/\/www.upo.es\/patio-colorado\/wp-content\/uploads\/2025\/05\/expo-david-2.jpg 1200w\" sizes=\"auto, (max-width: 225px) 100vw, 225px\" \/><figcaption id=\"caption-attachment-9805\" class=\"wp-caption-text\">El artista en su exposici\u00f3n<\/figcaption><\/figure>\n<p><span style=\"font-weight: 400\">Hoy, desde el punto de vista de David Fabre Heredia, artista andaluz y estudiante de Bellas Artes, nos adentraremos en la experiencia que \u00e9l vivi\u00f3 para poder organizar su exposici\u00f3n, sin mecenas y sin becas, ya que respondi\u00f3 muy amablemente a la siguiente entrevista:\u00a0<\/span><\/p>\n<p><span style=\"font-weight: 400\">Marta: \u00bfC\u00f3mo surgi\u00f3 la idea de esta exposici\u00f3n?<\/span><\/p>\n<p><span style=\"font-weight: 400\">David:<\/span><i><span style=\"font-weight: 400\"> Pues la tuve en mente desde hace un par de a\u00f1os cuando particip\u00e9 con mi academia de Jerez de la Frontera.<\/span><\/i><\/p>\n<p><span style=\"font-weight: 400\">M: \u00bfQu\u00e9 temas o inquietudes atraviesan las obras que presentas?<\/span><\/p>\n<p><span style=\"font-weight: 400\">D:<\/span><i><span style=\"font-weight: 400\"> En cuanto a las tem\u00e1ticas, comparten el v\u00ednculo, o m\u00e1s bien el sentimiento, atribuido al oro, la plata o el cobre, alej\u00e1ndose de ese valor econ\u00f3mico.<\/span><\/i><\/p>\n<p><span style=\"font-weight: 400\">M: \u00bfCu\u00e1l fue tu proceso creativo? \u00bfEmpezaste por una idea concreta o fue evolucionando sobre la marcha?<\/span><\/p>\n<p><span style=\"font-weight: 400\">D:<\/span><i><span style=\"font-weight: 400\"> Pues fui evolucionando sobre la marcha, me centr\u00e9 en poder desarrollar mi propia pincelada a trav\u00e9s de estudios de otros artistas como Sorolla o Ren\u00e9 Lalique.<\/span><\/i><\/p>\n<p><span style=\"font-weight: 400\">M: \u00bfQu\u00e9 t\u00e9cnicas o materiales has utilizado, y por qu\u00e9?\u00a0\u00a0<\/span><\/p>\n<p><span style=\"font-weight: 400\">D:<\/span><i><span style=\"font-weight: 400\"> Las t\u00e9cnicas que us\u00e9 fueron muy variadas, acuarelas, acr\u00edlicos, \u00f3leo, pero lo m\u00e1s destacado fue el uso del mixti\u00f3n y pan de oro, cobre, plata.<\/span><\/i><\/p>\n<p><span style=\"font-weight: 400\">M: \u00bfHay alguna obra que sientas especialmente ligada a tu historia personal o a tu entorno?\u00a0\u00a0<\/span><\/p>\n<p><span style=\"font-weight: 400\">D:<\/span><i><span style=\"font-weight: 400\"> Concretamente, la obra de mi sobrino \u201cAncor\u201d y la de \u201cTrashumancia\u201d donde mi abuela reci\u00e9n fallecida me ayud\u00f3 a ponerle el nombre.<\/span><\/i><\/p>\n<p><span style=\"font-weight: 400\">M: \u00bfCrees que tu exposici\u00f3n dialoga, directa o indirectamente, con el patrimonio andaluz?<\/span><\/p>\n<p><span style=\"font-weight: 400\">D:<\/span><i><span style=\"font-weight: 400\"> De hecho, s\u00ed, tanto las escenas costumbristas como lo es un ganado siendo trasladado o una sevillana.<\/span><\/i><\/p>\n<p><span style=\"font-weight: 400\">M: \u00bfQu\u00e9 papel juega tu identidad andaluza en tu forma de crear?\u00a0\u00a0<\/span><\/p>\n<p><span style=\"font-weight: 400\">D:<\/span><i><span style=\"font-weight: 400\"> Pues siempre pienso desde atr\u00e1s, me explico \u00bfqu\u00e9 dir\u00eda mi madre?, o \u00bfqu\u00e9 opinar\u00eda mi abuela de esta obra?<\/span><\/i><\/p>\n<p><span style=\"font-weight: 400\">M: \u00bfHas tomado referencias del arte, la arquitectura o las tradiciones de Andaluc\u00eda en tus obras?\u00a0\u00a0<\/span><\/p>\n<p><span style=\"font-weight: 400\">D:<\/span><i><span style=\"font-weight: 400\"> Joaqu\u00edn Sorolla, aunque no fuera originario de nuestra tierra s\u00ed vivi\u00f3 una temporada en Andaluc\u00eda, y, adem\u00e1s, siempre procur\u00f3 tener una esencia de propia identidad.<\/span><\/i><\/p>\n<p><span style=\"font-weight: 400\">M: \u00bfQu\u00e9 lugar andaluz te inspira como artista, ya sea por su historia, est\u00e9tica o simbolismo?\u00a0\u00a0<\/span><\/p>\n<p><span style=\"font-weight: 400\">D:<\/span><i><span style=\"font-weight: 400\"> Sevilla es un patrimonio precioso que me da inspiraci\u00f3n y alegr\u00eda para poder crear mis obras y, por supuesto, C\u00e1diz y Jerez, no existen lugares m\u00e1s ideales que estos.<\/span><\/i><\/p>\n<p><span style=\"font-weight: 400\">M: \u00bfQu\u00e9 crees que tiene el arte andaluz que lo hace \u00fanico, incluso hoy?<\/span><\/p>\n<p><span style=\"font-weight: 400\">D:<\/span><i><span style=\"font-weight: 400\"> Pues creo que es el entorno, la humildad, esos momentos que compartimos cuando estamos con amigos, ya sea en casa o en la calle y nos sale esa risa involuntaria.<\/span><\/i><\/p>\n<p><span style=\"font-weight: 400\">M: Como artista joven, \u00bfsientes que formas parte de una nueva generaci\u00f3n que quiere repensar el arte andaluz?\u00a0\u00a0<\/span><\/p>\n<p><span style=\"font-weight: 400\">D:<\/span><i><span style=\"font-weight: 400\"> Desde luego, el arte sigue innovando, no puedo posicionar m\u00e1s a una generaci\u00f3n que a otras, pero siento que llegan cambios que nunca se hab\u00edan visto, eso s\u00ed, tengo que admitir que me atrae mucho m\u00e1s el arte figurativo que el conceptual.<\/span><\/i><\/p>\n<p><span style=\"font-weight: 400\">M: \u00bfCrees que el arte puede ser una herramienta para preservar o resignificar nuestro patrimonio?\u00a0\u00a0<\/span><\/p>\n<p><span style=\"font-weight: 400\">D:<\/span><i><span style=\"font-weight: 400\"> Mi propia obra personal busca eso y creo que es algo que todos los artistas tenemos en cuenta, no crear por crear sino con una funci\u00f3n.<\/span><\/i><\/p>\n<p><span style=\"font-weight: 400\">M: \u00bfQu\u00e9 espacios o iniciativas crees que hacen falta en Andaluc\u00eda para que artistas j\u00f3venes como t\u00fa puedan crecer?\u00a0\u00a0<\/span><\/p>\n<p><span style=\"font-weight: 400\">D:<\/span><i><span style=\"font-weight: 400\"> Pues m\u00e1s patrocinio para los artistas emprendedores y m\u00e1s becas para los que realmente nos hacen faltan ser\u00edan unas posibilidades medidas en mi opini\u00f3n.<\/span><\/i><\/p>\n<p><span style=\"font-weight: 400\">M: \u00bfTe gustar\u00eda que tus obras formaran parte del patrimonio cultural del futuro?<\/span><\/p>\n<p><span style=\"font-weight: 400\">D:<\/span><i><span style=\"font-weight: 400\"> S\u00ed, les dedico mucho tiempo, aunque tengo que admitir que en algunas he jugado con lo ef\u00edmero, debido al \u00f3xido del pan de oro, cobre y plata, se van a ir tornando para recordar el valor del tiempo que es lo m\u00e1s importante que tenemos.<\/span><\/i><\/p>\n<p><span style=\"font-weight: 400\">M: \u00bfQu\u00e9 esperas que el p\u00fablico sienta o piense al recorrer tu exposici\u00f3n?\u00a0\u00a0<\/span><\/p>\n<p><span style=\"font-weight: 400\">D:<\/span><i><span style=\"font-weight: 400\"> Intriga ser\u00eda una de las sensaciones que me gustar\u00eda que sintieran, no s\u00e9 si podr\u00eda generar tambi\u00e9n el s\u00edndrome de Stendhal.<\/span><\/i><\/p>\n<p><span style=\"font-weight: 400\">M: \u00bfTienes planes futuros relacionados con el arte y tu identidad andaluza?\u00a0\u00a0<\/span><\/p>\n<p><span style=\"font-weight: 400\">D:<\/span><i><span style=\"font-weight: 400\"> Pues me gustar\u00eda poder tener mi propio estudio y galer\u00eda y poder vivir de esto. Adem\u00e1s de seguir participando en cert\u00e1menes de pintura r\u00e1pida y desarrollar m\u00e1s mi carrera personal.<\/span><\/i><\/p>\n<p><span style=\"font-weight: 400\">M: \u00bfD\u00f3nde podemos seguir tu trabajo o ver m\u00e1s de\u00a0tus\u00a0creaciones?<\/span><\/p>\n<p><span style=\"font-weight: 400\">D:<\/span><i><span style=\"font-weight: 400\"> En Instagram @heredisismos_dhf, y para recibir alg\u00fan encargo o m\u00e1s informaci\u00f3n <\/span><\/i><a href=\"mailto:trabajosfabreheredia@gmail.com\"><i><span style=\"font-weight: 400\">trabajosfabreheredia@gmail.com<\/span><\/i><\/a><i><span style=\"font-weight: 400\">.<\/span><\/i><\/p>\n<p><span style=\"font-weight: 400\">David es un artista que ha tenido la suerte de poder realizar una exposici\u00f3n, pero tal y como \u00e9l dice, hace falta m\u00e1s patrocinio para los artistas emprendedores y becas para las personas que lo necesitan. El t\u00edtulo <\/span><i><span style=\"font-weight: 400\">\u00a1Qu\u00e9 nos cuelguen!, <\/span><\/i><span style=\"font-weight: 400\">busca ser una llamada de atenci\u00f3n, los artistas emergentes quieren que efectivamente les cuelguen en las galer\u00edas, museos y exposiciones, no que les dejen colgados en el olvido, sin tener oportunidad de obtener visibilidad.<\/span><\/p>\n<p><span style=\"font-weight: 400\">La pelota est\u00e1 en nuestro tejado, ya est\u00e1 en las manos de la poblaci\u00f3n andaluza ayudarles. Como amantes de la cultura debemos buscar que esta se renueve con nuevas voces y creadores, diferentes perspectivas que enriquezcan el patrimonio andaluz, ya que como bien sabemos, la historia no es est\u00e1tica y la actualidad se representa en el arte. \u00bfY vosotros, quer\u00e9is un patrimonio que represente la actualidad, o que se remita a la historia pasada?<\/span><\/p>\n","protected":false},"excerpt":{"rendered":"<p>\u00a1Hola color\u00e1s y coloraos!\u00a0 Quiz\u00e1s el t\u00edtulo os ha confundido un poco, pero a lo largo de este art\u00edculo, entender\u00e9is el porqu\u00e9 de \u00e9l.\u00a0 El arte y la cultura andaluza no se limitan a las sevillanas,\u00a0 la Semana Santa, el Carnaval o las\u00a0 ferias, y\u00a0 aunque todo esto forma parte de nuestra esencia, hay otras [&hellip;]<\/p>\n","protected":false},"author":156,"featured_media":9807,"comment_status":"open","ping_status":"open","sticky":false,"template":"","format":"standard","meta":{"_acf_changed":false,"_monsterinsights_skip_tracking":false,"_monsterinsights_sitenote_active":false,"_monsterinsights_sitenote_note":"","_monsterinsights_sitenote_category":0,"footnotes":""},"categories":[137,403,167],"tags":[99,382,160,28,85],"class_list":["post-9802","post","type-post","status-publish","format-standard","has-post-thumbnail","hentry","category-entrevistas","category-historias-y-mucho-mas","category-pintura-escultura","tag-cultura","tag-escultura","tag-pintura","tag-arte","tag-exposicion"],"blocksy_meta":[],"acf":[],"jetpack_featured_media_url":"https:\/\/www.upo.es\/patio-colorado\/wp-content\/uploads\/2025\/05\/expo-david-5.jpg","_links":{"self":[{"href":"https:\/\/www.upo.es\/patio-colorado\/wp-json\/wp\/v2\/posts\/9802","targetHints":{"allow":["GET"]}}],"collection":[{"href":"https:\/\/www.upo.es\/patio-colorado\/wp-json\/wp\/v2\/posts"}],"about":[{"href":"https:\/\/www.upo.es\/patio-colorado\/wp-json\/wp\/v2\/types\/post"}],"author":[{"embeddable":true,"href":"https:\/\/www.upo.es\/patio-colorado\/wp-json\/wp\/v2\/users\/156"}],"replies":[{"embeddable":true,"href":"https:\/\/www.upo.es\/patio-colorado\/wp-json\/wp\/v2\/comments?post=9802"}],"version-history":[{"count":1,"href":"https:\/\/www.upo.es\/patio-colorado\/wp-json\/wp\/v2\/posts\/9802\/revisions"}],"predecessor-version":[{"id":9809,"href":"https:\/\/www.upo.es\/patio-colorado\/wp-json\/wp\/v2\/posts\/9802\/revisions\/9809"}],"wp:featuredmedia":[{"embeddable":true,"href":"https:\/\/www.upo.es\/patio-colorado\/wp-json\/wp\/v2\/media\/9807"}],"wp:attachment":[{"href":"https:\/\/www.upo.es\/patio-colorado\/wp-json\/wp\/v2\/media?parent=9802"}],"wp:term":[{"taxonomy":"category","embeddable":true,"href":"https:\/\/www.upo.es\/patio-colorado\/wp-json\/wp\/v2\/categories?post=9802"},{"taxonomy":"post_tag","embeddable":true,"href":"https:\/\/www.upo.es\/patio-colorado\/wp-json\/wp\/v2\/tags?post=9802"}],"curies":[{"name":"wp","href":"https:\/\/api.w.org\/{rel}","templated":true}]}}