{"id":9875,"date":"2025-05-27T12:00:13","date_gmt":"2025-05-27T12:00:13","guid":{"rendered":"https:\/\/www.upo.es\/patio-colorado\/?p=9875"},"modified":"2025-05-27T12:12:53","modified_gmt":"2025-05-27T12:12:53","slug":"andalusia-e-vendemmia","status":"publish","type":"post","link":"https:\/\/www.upo.es\/patio-colorado\/2025\/05\/27\/andalusia-e-vendemmia\/","title":{"rendered":"ANDALUSIA E VENDEMMIA"},"content":{"rendered":"<p class=\"p1\">Hola color\u00e1s y coloraos! Siete degli appassionati di enologia, o pi\u00f9 in generale del vino? In Andalusia siete nel posto giusto, dato che \u00e8 considerata globalmente come: \u201cterra di vini\u201d. Soprattutto in questa parte della Spagna, la vendemmia \u00e8 molto di pi\u00f9 che una semplice raccolta di uva, \u00e8 un evento sacro colmo di storia e tradizione.<\/p>\n<p class=\"p1\">Nel periodo subito dopo l\u2019estate, l\u2019Andalusia diventa luogo di spettacolo dove cultura, tradizione e passione per il vino si sommano dando vita a mercatini artigianali, eventi di musica, degustazioni e molto altro ancora. Siete curiosi di sapere i siti protagonisti della vendemmia? Di seguito una mappatura delle mete principali.<\/p>\n<p><img loading=\"lazy\" decoding=\"async\" class=\"alignnone wp-image-9876\" src=\"https:\/\/www.upo.es\/patio-colorado\/wp-content\/uploads\/2025\/05\/1-300x146.png\" alt=\"\" width=\"378\" height=\"184\" srcset=\"https:\/\/www.upo.es\/patio-colorado\/wp-content\/uploads\/2025\/05\/1-300x146.png 300w, https:\/\/www.upo.es\/patio-colorado\/wp-content\/uploads\/2025\/05\/1.png 702w\" sizes=\"auto, (max-width: 378px) 100vw, 378px\" \/><\/p>\n<p>&nbsp;<\/p>\n<p>&nbsp;<\/p>\n<p class=\"p1\"><strong><em>JEREZ DE LA FRONTERA<\/em><\/strong><\/p>\n<p class=\"p1\">Per tutto il mese di settembre, in questa citt\u00e0 situata lungo la Ruta andalusa del Vino e del Brandy Marco de Jerez viene celebrato il suo vino con le sagre della vendemmia. Oltre al vino viene reso omaggio ad altri elementi fondamentali della cultura locale: il cavallo e il flamenco. Proprio per questo, tra le vie della citt\u00e0 vengono svolte differenti attivit\u00e0 ed eventi che donano allegria e divertimento ai turisti e ai locali come:<\/p>\n<p class=\"p1\"><span class=\"s1\">&#8211;<\/span> La pigiatura dell\u2019uva<\/p>\n<p class=\"p1\"><span class=\"s1\">&#8211;<\/span> Le degustazioni di vini<\/p>\n<p class=\"p1\"><span class=\"s1\">&#8211;<\/span> Gli spettacoli di flamenco<\/p>\n<p class=\"p1\"><span class=\"s1\">&#8211;<\/span> Il teatro di strada<\/p>\n<p class=\"p1\"><span class=\"s1\">&#8211;<\/span> La musica<\/p>\n<p class=\"p1\"><span class=\"s1\">&#8211;<\/span> I cortei<\/p>\n<p><span class=\"s1\">&#8211;<\/span> Gli spettacoli a cavallo<\/p>\n<p class=\"p1\"><span class=\"s1\">&#8211;<\/span> Concorsi<\/p>\n<p class=\"p1\">Da non perdere sono le visite alle cantine locali, che non solo consentono di scoprire i segreti della produzione dei vini pi\u00f9 rinomati al mondo ma anche di degustarli. Inoltre, imperdibili sono anche i mercati della vendemmia in cui sono presenti i migliori prodotti gastronomici andalusi a kilometro zero.<\/p>\n<p><img loading=\"lazy\" decoding=\"async\" class=\" wp-image-9877 alignleft\" src=\"https:\/\/www.upo.es\/patio-colorado\/wp-content\/uploads\/2025\/05\/2-1-300x137.jpg\" alt=\"\" width=\"320\" height=\"146\" srcset=\"https:\/\/www.upo.es\/patio-colorado\/wp-content\/uploads\/2025\/05\/2-1-300x137.jpg 300w, https:\/\/www.upo.es\/patio-colorado\/wp-content\/uploads\/2025\/05\/2-1.jpg 556w\" sizes=\"auto, (max-width: 320px) 100vw, 320px\" \/><\/p>\n<p><img loading=\"lazy\" decoding=\"async\" class=\"wp-image-9878 alignleft\" src=\"https:\/\/www.upo.es\/patio-colorado\/wp-content\/uploads\/2025\/05\/3-1-300x137.jpg\" alt=\"\" width=\"324\" height=\"148\" srcset=\"https:\/\/www.upo.es\/patio-colorado\/wp-content\/uploads\/2025\/05\/3-1-300x137.jpg 300w, https:\/\/www.upo.es\/patio-colorado\/wp-content\/uploads\/2025\/05\/3-1.jpg 562w\" sizes=\"auto, (max-width: 324px) 100vw, 324px\" \/><\/p>\n<p>&nbsp;<\/p>\n<p>&nbsp;<\/p>\n<p>&nbsp;<\/p>\n<p>&nbsp;<\/p>\n<p>&nbsp;<\/p>\n<p class=\"p1\"><em><b>MONTILLA-MORES<\/b><\/em><\/p>\n<p class=\"p1\">Nella prima settimana di settembre anche la zona di Montilla-Moriles celebra il vino, offrendo il raccolto dell\u2019uva alla Virgen de las Vi\u00f1as e quindi unendo tradizione, cultura e religione. Uno degli eventi da godersi nel quartiere di El Gran Capit\u00e1n \u00e8 il festival La Cata Flamenca, cio\u00e8 una degustazione di vini e spettacoli di flamenco insieme. Oltre alla pigiatura dell\u2019uva e a tutti gli altri avvenimenti, durante la festa vengono organizzati diversi concorsi legati all\u2019enologia.<\/p>\n<p><img loading=\"lazy\" decoding=\"async\" class=\"alignnone size-medium wp-image-9880\" src=\"https:\/\/www.upo.es\/patio-colorado\/wp-content\/uploads\/2025\/05\/5-1-300x202.jpg\" alt=\"\" width=\"300\" height=\"202\" srcset=\"https:\/\/www.upo.es\/patio-colorado\/wp-content\/uploads\/2025\/05\/5-1-300x202.jpg 300w, https:\/\/www.upo.es\/patio-colorado\/wp-content\/uploads\/2025\/05\/5-1.jpg 504w\" sizes=\"auto, (max-width: 300px) 100vw, 300px\" \/><img loading=\"lazy\" decoding=\"async\" class=\"alignnone size-medium wp-image-9879\" src=\"https:\/\/www.upo.es\/patio-colorado\/wp-content\/uploads\/2025\/05\/4-1-300x200.jpg\" alt=\"\" width=\"300\" height=\"200\" srcset=\"https:\/\/www.upo.es\/patio-colorado\/wp-content\/uploads\/2025\/05\/4-1-300x200.jpg 300w, https:\/\/www.upo.es\/patio-colorado\/wp-content\/uploads\/2025\/05\/4-1.jpg 470w\" sizes=\"auto, (max-width: 300px) 100vw, 300px\" \/><\/p>\n<p>&nbsp;<\/p>\n<p>&nbsp;<\/p>\n<p>&nbsp;<\/p>\n<p class=\"p1\"><em><b>MOLLINA<\/b><\/em><\/p>\n<p class=\"p1\">A differenza delle altre mete, la citt\u00e0 di Molina accoppia vino e letteratura includendo anche gare di origine medievale. La \u201cFeria de la Vendimia\u201d viene celebrata ogni anno nel secondo fine settimana di settembre ed \u00e8 un evento voluto da personalit\u00e0 letterarie molto importanti e portato avanti da persone del territorio che lavorano e si impegnano affinch\u00e9 si realizzi ogni anno.<\/p>\n<p><img loading=\"lazy\" decoding=\"async\" class=\"wp-image-9882 alignnone\" src=\"https:\/\/www.upo.es\/patio-colorado\/wp-content\/uploads\/2025\/05\/7-1-232x300.jpg\" alt=\"\" width=\"228\" height=\"295\" srcset=\"https:\/\/www.upo.es\/patio-colorado\/wp-content\/uploads\/2025\/05\/7-1-232x300.jpg 232w, https:\/\/www.upo.es\/patio-colorado\/wp-content\/uploads\/2025\/05\/7-1.jpg 330w\" sizes=\"auto, (max-width: 228px) 100vw, 228px\" \/><img loading=\"lazy\" decoding=\"async\" class=\"size-medium wp-image-9881 alignleft\" src=\"https:\/\/www.upo.es\/patio-colorado\/wp-content\/uploads\/2025\/05\/6-1-300x194.jpg\" alt=\"\" width=\"300\" height=\"194\" srcset=\"https:\/\/www.upo.es\/patio-colorado\/wp-content\/uploads\/2025\/05\/6-1-300x194.jpg 300w, https:\/\/www.upo.es\/patio-colorado\/wp-content\/uploads\/2025\/05\/6-1.jpg 316w\" sizes=\"auto, (max-width: 300px) 100vw, 300px\" \/><\/p>\n<p>&nbsp;<\/p>\n<p>RESOURCES:<\/p>\n<p>Vino in Andalusia:<\/p>\n<p><a href=\"https:\/\/www.spain.info\/it\/scoprire-spagna\/feste-vendemmia-andalusia\/\">https:\/\/www.spain.info\/it\/scoprire-spagna\/feste-vendemmia-andalusia\/<\/a><\/p>\n<p><a href=\"https:\/\/www.beautytudine.com\/viaggiare\/spagna\/\">https:\/\/www.beautytudine.com\/viaggiare\/spagna\/<\/a><\/p>\n<p>Festa del vino a Jerez:<\/p>\n<p><a href=\"https:\/\/www.spain.info\/it\/eventi\/festa-vendemmia-jerez\/\">https:\/\/www.spain.info\/it\/eventi\/festa-vendemmia-jerez\/<\/a><\/p>\n<p>Festa del vino a Montilla:<\/p>\n<p><a href=\"https:\/\/www.spain.info\/it\/eventi\/festa-vendemmia-montilla\/\">https:\/\/www.spain.info\/it\/eventi\/festa-vendemmia-montilla\/<\/a><\/p>\n<p>Festa del vino a Mollina:<\/p>\n<p><a href=\"https:\/\/es.wikipedia.org\/wiki\/Feria_de_la_vendimia_(Mollina)\">https:\/\/es.wikipedia.org\/wiki\/Feria_de_la_vendimia_(Mollina)<\/a><\/p>\n<p>Mappatura:<\/p>\n<p><a href=\"https:\/\/www.google.com\/maps\/d\/u\/0\/\">https:\/\/www.google.com\/maps\/d\/u\/0\/<\/a><\/p>\n","protected":false},"excerpt":{"rendered":"<p>Hola color\u00e1s y coloraos! Siete degli appassionati di enologia, o pi\u00f9 in generale del vino? In Andalusia siete nel posto giusto, dato che \u00e8 considerata globalmente come: \u201cterra di vini\u201d. Soprattutto in questa parte della Spagna, la vendemmia \u00e8 molto di pi\u00f9 che una semplice raccolta di uva, \u00e8 un evento sacro colmo di storia [&hellip;]<\/p>\n","protected":false},"author":158,"featured_media":9893,"comment_status":"open","ping_status":"open","sticky":false,"template":"","format":"standard","meta":{"_acf_changed":false,"_monsterinsights_skip_tracking":false,"_monsterinsights_sitenote_active":false,"_monsterinsights_sitenote_note":"","_monsterinsights_sitenote_category":0,"footnotes":""},"categories":[1,12,35,26,403],"tags":[1134],"class_list":["post-9875","post","type-post","status-publish","format-standard","has-post-thumbnail","hentry","category-sin-categoria","category-eventos","category-fiestas-tradiciones","category-gastronomia-artesania","category-historias-y-mucho-mas","tag-vino-fiesta"],"blocksy_meta":[],"acf":[],"jetpack_featured_media_url":"https:\/\/www.upo.es\/patio-colorado\/wp-content\/uploads\/2025\/05\/VendemmiaAndalusia.jpg","_links":{"self":[{"href":"https:\/\/www.upo.es\/patio-colorado\/wp-json\/wp\/v2\/posts\/9875","targetHints":{"allow":["GET"]}}],"collection":[{"href":"https:\/\/www.upo.es\/patio-colorado\/wp-json\/wp\/v2\/posts"}],"about":[{"href":"https:\/\/www.upo.es\/patio-colorado\/wp-json\/wp\/v2\/types\/post"}],"author":[{"embeddable":true,"href":"https:\/\/www.upo.es\/patio-colorado\/wp-json\/wp\/v2\/users\/158"}],"replies":[{"embeddable":true,"href":"https:\/\/www.upo.es\/patio-colorado\/wp-json\/wp\/v2\/comments?post=9875"}],"version-history":[{"count":4,"href":"https:\/\/www.upo.es\/patio-colorado\/wp-json\/wp\/v2\/posts\/9875\/revisions"}],"predecessor-version":[{"id":9894,"href":"https:\/\/www.upo.es\/patio-colorado\/wp-json\/wp\/v2\/posts\/9875\/revisions\/9894"}],"wp:featuredmedia":[{"embeddable":true,"href":"https:\/\/www.upo.es\/patio-colorado\/wp-json\/wp\/v2\/media\/9893"}],"wp:attachment":[{"href":"https:\/\/www.upo.es\/patio-colorado\/wp-json\/wp\/v2\/media?parent=9875"}],"wp:term":[{"taxonomy":"category","embeddable":true,"href":"https:\/\/www.upo.es\/patio-colorado\/wp-json\/wp\/v2\/categories?post=9875"},{"taxonomy":"post_tag","embeddable":true,"href":"https:\/\/www.upo.es\/patio-colorado\/wp-json\/wp\/v2\/tags?post=9875"}],"curies":[{"name":"wp","href":"https:\/\/api.w.org\/{rel}","templated":true}]}}