{"id":261,"date":"2020-04-10T13:59:12","date_gmt":"2020-04-10T11:59:12","guid":{"rendered":"https:\/\/www.upo.es\/picesl\/?p=261"},"modified":"2020-04-10T13:59:12","modified_gmt":"2020-04-10T11:59:12","slug":"la-upo-acoge-la-primera-reunion-del-proyecto-europeo-picesl-sobre-inclusion-educativa-y-prevencion-del-abandono-escolar-temprano","status":"publish","type":"post","link":"https:\/\/www.upo.es\/picesl\/es\/la-upo-acoge-la-primera-reunion-del-proyecto-europeo-picesl-sobre-inclusion-educativa-y-prevencion-del-abandono-escolar-temprano\/","title":{"rendered":"La UPO acoge la primera reuni\u00f3n del proyecto europeo PICESL sobre inclusi\u00f3n educativa y prevenci\u00f3n del abandono escolar temprano"},"content":{"rendered":"<h2 class=\"subtitle\">La Universidad Pablo de Olavide acoge durante los d\u00edas 12 y 13 de diciembre la primera reuni\u00f3n del trabajo del Proyecto &#8216;Promoting inclusion to combat early school Leaving&#8217; cofinanciado por el programa Erasmus+<\/h2>\n<p>En el proyecto PICESL, liderado por la profesora\u00a0<strong>Rosa Mar\u00eda Rodr\u00edguez-Izquierdo<\/strong>\u00a0del Departamento de Educaci\u00f3n y Psicolog\u00eda Social de la Universidad Pablo de Olavide, est\u00e1n implicadas nueve instituciones europeas. En total son 15 investigadores, procedentes de siete pa\u00edses europeos \u2013Italia, Portugal, Grecia, Italia, Holanda, B\u00e9lgica y Espa\u00f1a\u2013 los que se han dado cita desde hoy en un encuentro que servir\u00e1 para sentar las bases de trabajo y cooperaci\u00f3n de la acci\u00f3n estrat\u00e9gica para la prevenci\u00f3n del fracaso escolar.<\/p>\n<p><strong><em>Promoting inclusion to combat early school Leaving<\/em>\u00a0(PICESL)<\/strong>\u00a0es una iniciativa que tiene como fin prevenir el abandono temprano del alumnado en riesgo de exclusi\u00f3n social, recurriendo a la mejora de la formaci\u00f3n del profesorado en inclusi\u00f3n e interculturalidad y a la creaci\u00f3n de la conciencia social y pol\u00edtica en base a los hallazgos realizados. Se trata de\u00a0<a href=\"https:\/\/www.upo.es\/diario\/ciencia\/2019\/09\/la-upo-lidera-un-proyecto-europeo-sobre-inclusion-educativa-y-prevencion-del-abandono-escolar-temprano\/\">un proyecto de dos a\u00f1os de duraci\u00f3n que vio la luz el pasado mes de septiembre<\/a>\u00a0y que cuenta con el respaldo del\u00a0<strong>Programa Erasmus+,<\/strong>\u00a0con una dotaci\u00f3n de 150.000 euros. En total, ser\u00e1n cerca de 250 personas las que se beneficiar\u00e1n de los resultados de este proyecto.<\/p>\n<p>La reducci\u00f3n de las tasas de abandono escolar que enfrenta Europa requiere consolidar acciones a nivel internacional en una asociaci\u00f3n estrat\u00e9gica de esfuerzos para lograr resultados significativos. El dise\u00f1o y desarrollo del proyecto PICESL \u00a0se entiende como una red que pretende proporcionar conocimiento, pr\u00e1cticas y materiales que sean transferibles a otras entidades europeas. Una red donde adem\u00e1s destaca su car\u00e1cter interdisciplinar, en la que no s\u00f3lo participan instituciones de educaci\u00f3n superior y sociedades cient\u00edficas, sino tambi\u00e9n centros educativos de diversos contextos que juegan un papel transcendental.<\/p>\n<p><a href=\"https:\/\/www.upo.es\/diario\/docencia-formacion\/2019\/12\/la-upo-acoge-la-primera-reunion-del-proyecto-europeo-picesl-sobre-inclusion-educativa-y-prevencion-del-abandono-escolar-temprano\/\">Fuente<\/a><\/p>\n","protected":false},"excerpt":{"rendered":"<p>La Universidad Pablo de Olavide acoge durante los d\u00edas 12 y 13 de diciembre la primera reuni\u00f3n del trabajo del Proyecto &#8216;Promoting inclusion to combat early school Leaving&#8217; cofinanciado por el programa Erasmus+ En el proyecto PICESL, liderado por la profesora\u00a0Rosa Mar\u00eda Rodr\u00edguez-Izquierdo\u00a0del Departamento de Educaci\u00f3n y Psicolog\u00eda Social de la Universidad Pablo de Olavide, [&hellip;]<\/p>\n","protected":false},"author":1,"featured_media":262,"comment_status":"open","ping_status":"open","sticky":false,"template":"","format":"standard","meta":{"_et_pb_use_builder":"","_et_pb_old_content":"","_et_gb_content_width":""},"categories":[15],"tags":[],"yoast_head":"<!-- This site is optimized with the Yoast SEO plugin v16.0.2 - https:\/\/yoast.com\/wordpress\/plugins\/seo\/ -->\n<title>La UPO acoge la primera reuni\u00f3n del proyecto europeo PICESL sobre inclusi\u00f3n educativa y prevenci\u00f3n del abandono escolar temprano - PICESL<\/title>\n<link rel=\"canonical\" href=\"https:\/\/www.upo.es\/picesl\/la-upo-acoge-la-primera-reunion-del-proyecto-europeo-picesl-sobre-inclusion-educativa-y-prevencion-del-abandono-escolar-temprano\/\" \/>\n<meta property=\"og:locale\" content=\"en_US\" \/>\n<meta property=\"og:type\" content=\"article\" \/>\n<meta property=\"og:title\" content=\"La UPO acoge la primera reuni\u00f3n del proyecto europeo PICESL sobre inclusi\u00f3n educativa y prevenci\u00f3n del abandono escolar temprano - PICESL\" \/>\n<meta property=\"og:description\" content=\"La Universidad Pablo de Olavide acoge durante los d\u00edas 12 y 13 de diciembre la primera reuni\u00f3n del trabajo del Proyecto &#8216;Promoting inclusion to combat early school Leaving&#8217; cofinanciado por el programa Erasmus+ En el proyecto PICESL, liderado por la profesora\u00a0Rosa Mar\u00eda Rodr\u00edguez-Izquierdo\u00a0del Departamento de Educaci\u00f3n y Psicolog\u00eda Social de la Universidad Pablo de Olavide, [&hellip;]\" \/>\n<meta property=\"og:url\" content=\"https:\/\/www.upo.es\/picesl\/la-upo-acoge-la-primera-reunion-del-proyecto-europeo-picesl-sobre-inclusion-educativa-y-prevencion-del-abandono-escolar-temprano\/\" \/>\n<meta property=\"og:site_name\" content=\"PICESL\" \/>\n<meta property=\"article:published_time\" content=\"2020-04-10T11:59:12+00:00\" \/>\n<meta property=\"og:image\" content=\"https:\/\/www.upo.es\/picesl\/wp-content\/uploads\/2020\/04\/Proyecto-PICELS_2019_12_12_04-750x561-1.jpg\" \/>\n\t<meta property=\"og:image:width\" content=\"750\" \/>\n\t<meta property=\"og:image:height\" content=\"561\" \/>\n<meta name=\"twitter:card\" content=\"summary_large_image\" \/>\n<meta name=\"twitter:label1\" content=\"Tiempo de lectura\">\n\t<meta name=\"twitter:data1\" content=\"2 minutos\">\n<script type=\"application\/ld+json\" class=\"yoast-schema-graph\">{\"@context\":\"https:\/\/schema.org\",\"@graph\":[{\"@type\":\"WebSite\",\"@id\":\"https:\/\/www.upo.es\/picesl\/#website\",\"url\":\"https:\/\/www.upo.es\/picesl\/\",\"name\":\"PICESL\",\"description\":\"Promoting Inclusion to Combat Early School Leaving\",\"potentialAction\":[{\"@type\":\"SearchAction\",\"target\":\"https:\/\/www.upo.es\/picesl\/?s={search_term_string}\",\"query-input\":\"required name=search_term_string\"}],\"inLanguage\":\"es\"},{\"@type\":\"ImageObject\",\"@id\":\"https:\/\/www.upo.es\/picesl\/la-upo-acoge-la-primera-reunion-del-proyecto-europeo-picesl-sobre-inclusion-educativa-y-prevencion-del-abandono-escolar-temprano\/#primaryimage\",\"inLanguage\":\"es\",\"url\":\"https:\/\/www.upo.es\/picesl\/wp-content\/uploads\/2020\/04\/Proyecto-PICELS_2019_12_12_04-750x561-1.jpg\",\"width\":750,\"height\":561},{\"@type\":\"WebPage\",\"@id\":\"https:\/\/www.upo.es\/picesl\/la-upo-acoge-la-primera-reunion-del-proyecto-europeo-picesl-sobre-inclusion-educativa-y-prevencion-del-abandono-escolar-temprano\/#webpage\",\"url\":\"https:\/\/www.upo.es\/picesl\/la-upo-acoge-la-primera-reunion-del-proyecto-europeo-picesl-sobre-inclusion-educativa-y-prevencion-del-abandono-escolar-temprano\/\",\"name\":\"La UPO acoge la primera reuni\\u00f3n del proyecto europeo PICESL sobre inclusi\\u00f3n educativa y prevenci\\u00f3n del abandono escolar temprano - PICESL\",\"isPartOf\":{\"@id\":\"https:\/\/www.upo.es\/picesl\/#website\"},\"primaryImageOfPage\":{\"@id\":\"https:\/\/www.upo.es\/picesl\/la-upo-acoge-la-primera-reunion-del-proyecto-europeo-picesl-sobre-inclusion-educativa-y-prevencion-del-abandono-escolar-temprano\/#primaryimage\"},\"datePublished\":\"2020-04-10T11:59:12+00:00\",\"dateModified\":\"2020-04-10T11:59:12+00:00\",\"author\":{\"@id\":\"https:\/\/www.upo.es\/picesl\/#\/schema\/person\/3f02d2ea3f75755ae57b4802750b6248\"},\"breadcrumb\":{\"@id\":\"https:\/\/www.upo.es\/picesl\/la-upo-acoge-la-primera-reunion-del-proyecto-europeo-picesl-sobre-inclusion-educativa-y-prevencion-del-abandono-escolar-temprano\/#breadcrumb\"},\"inLanguage\":\"es\",\"potentialAction\":[{\"@type\":\"ReadAction\",\"target\":[\"https:\/\/www.upo.es\/picesl\/la-upo-acoge-la-primera-reunion-del-proyecto-europeo-picesl-sobre-inclusion-educativa-y-prevencion-del-abandono-escolar-temprano\/\"]}]},{\"@type\":\"BreadcrumbList\",\"@id\":\"https:\/\/www.upo.es\/picesl\/la-upo-acoge-la-primera-reunion-del-proyecto-europeo-picesl-sobre-inclusion-educativa-y-prevencion-del-abandono-escolar-temprano\/#breadcrumb\",\"itemListElement\":[{\"@type\":\"ListItem\",\"position\":1,\"item\":{\"@type\":\"WebPage\",\"@id\":\"https:\/\/www.upo.es\/picesl\/es\/inicio\/\",\"url\":\"https:\/\/www.upo.es\/picesl\/es\/inicio\/\",\"name\":\"Portada\"}},{\"@type\":\"ListItem\",\"position\":2,\"item\":{\"@type\":\"WebPage\",\"@id\":\"https:\/\/www.upo.es\/picesl\/la-upo-acoge-la-primera-reunion-del-proyecto-europeo-picesl-sobre-inclusion-educativa-y-prevencion-del-abandono-escolar-temprano\/\",\"url\":\"https:\/\/www.upo.es\/picesl\/la-upo-acoge-la-primera-reunion-del-proyecto-europeo-picesl-sobre-inclusion-educativa-y-prevencion-del-abandono-escolar-temprano\/\",\"name\":\"La UPO acoge la primera reuni\\u00f3n del proyecto europeo PICESL sobre inclusi\\u00f3n educativa y prevenci\\u00f3n del abandono escolar temprano\"}}]},{\"@type\":\"Person\",\"@id\":\"https:\/\/www.upo.es\/picesl\/#\/schema\/person\/3f02d2ea3f75755ae57b4802750b6248\",\"name\":\"picesl\",\"image\":{\"@type\":\"ImageObject\",\"@id\":\"https:\/\/www.upo.es\/picesl\/#personlogo\",\"inLanguage\":\"es\",\"url\":\"https:\/\/secure.gravatar.com\/avatar\/92969168ca56470e5e0084bb4381395d?s=96&d=mm&r=g\",\"caption\":\"picesl\"}}]}<\/script>\n<!-- \/ Yoast SEO plugin. -->","_links":{"self":[{"href":"https:\/\/www.upo.es\/picesl\/wp-json\/wp\/v2\/posts\/261"}],"collection":[{"href":"https:\/\/www.upo.es\/picesl\/wp-json\/wp\/v2\/posts"}],"about":[{"href":"https:\/\/www.upo.es\/picesl\/wp-json\/wp\/v2\/types\/post"}],"author":[{"embeddable":true,"href":"https:\/\/www.upo.es\/picesl\/wp-json\/wp\/v2\/users\/1"}],"replies":[{"embeddable":true,"href":"https:\/\/www.upo.es\/picesl\/wp-json\/wp\/v2\/comments?post=261"}],"version-history":[{"count":0,"href":"https:\/\/www.upo.es\/picesl\/wp-json\/wp\/v2\/posts\/261\/revisions"}],"wp:featuredmedia":[{"embeddable":true,"href":"https:\/\/www.upo.es\/picesl\/wp-json\/wp\/v2\/media\/262"}],"wp:attachment":[{"href":"https:\/\/www.upo.es\/picesl\/wp-json\/wp\/v2\/media?parent=261"}],"wp:term":[{"taxonomy":"category","embeddable":true,"href":"https:\/\/www.upo.es\/picesl\/wp-json\/wp\/v2\/categories?post=261"},{"taxonomy":"post_tag","embeddable":true,"href":"https:\/\/www.upo.es\/picesl\/wp-json\/wp\/v2\/tags?post=261"}],"curies":[{"name":"wp","href":"https:\/\/api.w.org\/{rel}","templated":true}]}}