{"id":361,"date":"2020-05-13T23:02:10","date_gmt":"2020-05-13T21:02:10","guid":{"rendered":"https:\/\/www.upo.es\/picesl\/?p=361"},"modified":"2020-05-14T12:42:13","modified_gmt":"2020-05-14T10:42:13","slug":"reunion-online-viernes-15-de-mayo","status":"publish","type":"post","link":"https:\/\/www.upo.es\/picesl\/es\/reunion-online-viernes-15-de-mayo\/","title":{"rendered":"Reuni\u00f3n online Viernes 15 de mayo"},"content":{"rendered":"<p>El viernes 15 de mayo, los miembros del proyecto PICESL se reunir\u00e1n online para discutir y reflexionar sobre una de las primeras etapas de nuestro proyecto: una revisi\u00f3n de la literatura sobre los determinantes del abandono escolar y los mecanismos de prevenci\u00f3n. La revisi\u00f3n de la literatura estar\u00e1 disponible aqu\u00ed en breve.<\/p>\n<p>Abriremos nuestra reuni\u00f3n con una discusi\u00f3n centrada en las dos preguntas siguientes.<\/p>\n<p>1) \u00bfCu\u00e1les son los principales problemas que enfrenta su escuela en el aprendizaje a distancia y c\u00f3mo lo enfrenta?<\/p>\n<p>2) \u00bfCu\u00e1les son las medidas m\u00e1s efectivas en la ense\u00f1anza a distancia para usted y sus alumnos? \u00bfPor qu\u00e9?<\/p>\n<p>\u00a1Esperamos compartir m\u00e1s informaci\u00f3n y detalles de nuestras experiencias y escuchar sus pensamientos!<\/p>\n<h3>\nParticipantes<\/h3>\n<p>\u00a1Estamos emocionados de presentar a los miembros de nuestro equipo!<\/p>\n<div id=\"attachment_362\" style=\"width: 310px\" class=\"wp-caption alignnone\"><img aria-describedby=\"caption-attachment-362\" loading=\"lazy\" class=\"wp-image-362 size-medium\" src=\"https:\/\/www.upo.es\/picesl\/wp-content\/uploads\/2020\/05\/rosa-1-1-300x300.jpg\" alt=\"\" width=\"300\" height=\"300\" \/><p id=\"caption-attachment-362\" class=\"wp-caption-text\">Rosa Rodriguez-Izquierdo, profesora del Departamento de Educaci\u00f3n y Psicolog\u00eda Social de la Universidad Pablo Olavide Sevilla y l\u00edder del proyecto.<\/p><\/div>\n<div id=\"attachment_363\" style=\"width: 301px\" class=\"wp-caption alignnone\"><img aria-describedby=\"caption-attachment-363\" loading=\"lazy\" class=\"wp-image-363 \" src=\"https:\/\/www.upo.es\/picesl\/wp-content\/uploads\/2020\/05\/Mialy-1-1-200x300.jpg\" alt=\"\" width=\"291\" height=\"437\" \/><p id=\"caption-attachment-363\" class=\"wp-caption-text\">Mialy Dermish, Jefa de Secretar\u00eda de la Red de Pol\u00edticas SIRIUS sobre Educaci\u00f3n Migrante.<\/p><\/div>\n<p>&nbsp;<\/p>\n","protected":false},"excerpt":{"rendered":"<p>El viernes 15 de mayo, los miembros del proyecto PICESL se reunir\u00e1n online para discutir y reflexionar sobre una de las primeras etapas de nuestro proyecto: una revisi\u00f3n de la literatura sobre los determinantes del abandono escolar y los mecanismos de prevenci\u00f3n. La revisi\u00f3n de la literatura estar\u00e1 disponible aqu\u00ed en breve. Abriremos nuestra reuni\u00f3n [&hellip;]<\/p>\n","protected":false},"author":1,"featured_media":359,"comment_status":"open","ping_status":"open","sticky":false,"template":"","format":"standard","meta":{"_et_pb_use_builder":"","_et_pb_old_content":"","_et_gb_content_width":""},"categories":[28],"tags":[],"yoast_head":"<!-- This site is optimized with the Yoast SEO plugin v16.0.2 - https:\/\/yoast.com\/wordpress\/plugins\/seo\/ -->\n<title>Reuni\u00f3n online Viernes 15 de mayo - PICESL<\/title>\n<link rel=\"canonical\" href=\"https:\/\/www.upo.es\/picesl\/reunion-online-viernes-15-de-mayo\/\" \/>\n<meta property=\"og:locale\" content=\"en_US\" \/>\n<meta property=\"og:type\" content=\"article\" \/>\n<meta property=\"og:title\" content=\"Reuni\u00f3n online Viernes 15 de mayo - PICESL\" \/>\n<meta property=\"og:description\" content=\"El viernes 15 de mayo, los miembros del proyecto PICESL se reunir\u00e1n online para discutir y reflexionar sobre una de las primeras etapas de nuestro proyecto: una revisi\u00f3n de la literatura sobre los determinantes del abandono escolar y los mecanismos de prevenci\u00f3n. La revisi\u00f3n de la literatura estar\u00e1 disponible aqu\u00ed en breve. Abriremos nuestra reuni\u00f3n [&hellip;]\" \/>\n<meta property=\"og:url\" content=\"https:\/\/www.upo.es\/picesl\/reunion-online-viernes-15-de-mayo\/\" \/>\n<meta property=\"og:site_name\" content=\"PICESL\" \/>\n<meta property=\"article:published_time\" content=\"2020-05-13T21:02:10+00:00\" \/>\n<meta property=\"article:modified_time\" content=\"2020-05-14T10:42:13+00:00\" \/>\n<meta property=\"og:image\" content=\"https:\/\/www.upo.es\/picesl\/wp-content\/uploads\/2020\/05\/online-metting.jpg\" \/>\n\t<meta property=\"og:image:width\" content=\"1024\" \/>\n\t<meta property=\"og:image:height\" content=\"683\" \/>\n<meta name=\"twitter:card\" content=\"summary_large_image\" \/>\n<meta name=\"twitter:label1\" content=\"Tiempo de lectura\">\n\t<meta name=\"twitter:data1\" content=\"1 minuto\">\n<script type=\"application\/ld+json\" class=\"yoast-schema-graph\">{\"@context\":\"https:\/\/schema.org\",\"@graph\":[{\"@type\":\"WebSite\",\"@id\":\"https:\/\/www.upo.es\/picesl\/#website\",\"url\":\"https:\/\/www.upo.es\/picesl\/\",\"name\":\"PICESL\",\"description\":\"Promoting Inclusion to Combat Early School Leaving\",\"potentialAction\":[{\"@type\":\"SearchAction\",\"target\":\"https:\/\/www.upo.es\/picesl\/?s={search_term_string}\",\"query-input\":\"required name=search_term_string\"}],\"inLanguage\":\"es\"},{\"@type\":\"ImageObject\",\"@id\":\"https:\/\/www.upo.es\/picesl\/reunion-online-viernes-15-de-mayo\/#primaryimage\",\"inLanguage\":\"es\",\"url\":\"https:\/\/www.upo.es\/picesl\/wp-content\/uploads\/2020\/05\/online-metting.jpg\",\"width\":1024,\"height\":683},{\"@type\":\"WebPage\",\"@id\":\"https:\/\/www.upo.es\/picesl\/reunion-online-viernes-15-de-mayo\/#webpage\",\"url\":\"https:\/\/www.upo.es\/picesl\/reunion-online-viernes-15-de-mayo\/\",\"name\":\"Reuni\\u00f3n online Viernes 15 de mayo - PICESL\",\"isPartOf\":{\"@id\":\"https:\/\/www.upo.es\/picesl\/#website\"},\"primaryImageOfPage\":{\"@id\":\"https:\/\/www.upo.es\/picesl\/reunion-online-viernes-15-de-mayo\/#primaryimage\"},\"datePublished\":\"2020-05-13T21:02:10+00:00\",\"dateModified\":\"2020-05-14T10:42:13+00:00\",\"author\":{\"@id\":\"https:\/\/www.upo.es\/picesl\/#\/schema\/person\/3f02d2ea3f75755ae57b4802750b6248\"},\"breadcrumb\":{\"@id\":\"https:\/\/www.upo.es\/picesl\/reunion-online-viernes-15-de-mayo\/#breadcrumb\"},\"inLanguage\":\"es\",\"potentialAction\":[{\"@type\":\"ReadAction\",\"target\":[\"https:\/\/www.upo.es\/picesl\/reunion-online-viernes-15-de-mayo\/\"]}]},{\"@type\":\"BreadcrumbList\",\"@id\":\"https:\/\/www.upo.es\/picesl\/reunion-online-viernes-15-de-mayo\/#breadcrumb\",\"itemListElement\":[{\"@type\":\"ListItem\",\"position\":1,\"item\":{\"@type\":\"WebPage\",\"@id\":\"https:\/\/www.upo.es\/picesl\/es\/inicio\/\",\"url\":\"https:\/\/www.upo.es\/picesl\/es\/inicio\/\",\"name\":\"Portada\"}},{\"@type\":\"ListItem\",\"position\":2,\"item\":{\"@type\":\"WebPage\",\"@id\":\"https:\/\/www.upo.es\/picesl\/reunion-online-viernes-15-de-mayo\/\",\"url\":\"https:\/\/www.upo.es\/picesl\/reunion-online-viernes-15-de-mayo\/\",\"name\":\"Reuni\\u00f3n online Viernes 15 de mayo\"}}]},{\"@type\":\"Person\",\"@id\":\"https:\/\/www.upo.es\/picesl\/#\/schema\/person\/3f02d2ea3f75755ae57b4802750b6248\",\"name\":\"picesl\",\"image\":{\"@type\":\"ImageObject\",\"@id\":\"https:\/\/www.upo.es\/picesl\/#personlogo\",\"inLanguage\":\"es\",\"url\":\"https:\/\/secure.gravatar.com\/avatar\/92969168ca56470e5e0084bb4381395d?s=96&d=mm&r=g\",\"caption\":\"picesl\"}}]}<\/script>\n<!-- \/ Yoast SEO plugin. -->","_links":{"self":[{"href":"https:\/\/www.upo.es\/picesl\/wp-json\/wp\/v2\/posts\/361"}],"collection":[{"href":"https:\/\/www.upo.es\/picesl\/wp-json\/wp\/v2\/posts"}],"about":[{"href":"https:\/\/www.upo.es\/picesl\/wp-json\/wp\/v2\/types\/post"}],"author":[{"embeddable":true,"href":"https:\/\/www.upo.es\/picesl\/wp-json\/wp\/v2\/users\/1"}],"replies":[{"embeddable":true,"href":"https:\/\/www.upo.es\/picesl\/wp-json\/wp\/v2\/comments?post=361"}],"version-history":[{"count":0,"href":"https:\/\/www.upo.es\/picesl\/wp-json\/wp\/v2\/posts\/361\/revisions"}],"wp:featuredmedia":[{"embeddable":true,"href":"https:\/\/www.upo.es\/picesl\/wp-json\/wp\/v2\/media\/359"}],"wp:attachment":[{"href":"https:\/\/www.upo.es\/picesl\/wp-json\/wp\/v2\/media?parent=361"}],"wp:term":[{"taxonomy":"category","embeddable":true,"href":"https:\/\/www.upo.es\/picesl\/wp-json\/wp\/v2\/categories?post=361"},{"taxonomy":"post_tag","embeddable":true,"href":"https:\/\/www.upo.es\/picesl\/wp-json\/wp\/v2\/tags?post=361"}],"curies":[{"name":"wp","href":"https:\/\/api.w.org\/{rel}","templated":true}]}}