{"id":595,"date":"2020-12-08T12:00:34","date_gmt":"2020-12-08T11:00:34","guid":{"rendered":"https:\/\/www.upo.es\/picesl\/?p=595"},"modified":"2020-12-08T12:00:34","modified_gmt":"2020-12-08T11:00:34","slug":"nueva-conclusion-adoptada-por-el-consejo-de-la-ue-dando-apoyo-politico-a-proyectos-como-picels","status":"publish","type":"post","link":"https:\/\/www.upo.es\/picesl\/es\/nueva-conclusion-adoptada-por-el-consejo-de-la-ue-dando-apoyo-politico-a-proyectos-como-picels\/","title":{"rendered":"Nueva Conclusi\u00f3n adoptada por el Consejo de la UE dando apoyo pol\u00edtico a proyectos como PICELS"},"content":{"rendered":"<p>Con el reconocimiento de que \u201cprofesores y formadores son una fuerza impulsora indispensable para la educaci\u00f3n y formaci\u00f3n, y reconocemos su compromiso durante la actual crisis COVID-19\u201d el Consejo de la UE ha adoptado una conclusi\u00f3n escrita para involucrar a los profesores en el dise\u00f1o de pol\u00edticas. Esto hace que el proyecto PICELS sea m\u00e1s relevante que nunca. Esperamos ver a m\u00e1s Estados Miembros usar m\u00e1s plataformas de m\u00faltiples partes interesadas y proyectos para ofrecer verdadera inclusi\u00f3n y pol\u00edticas s\u00f3lidas que reflejan el entendimiento profundo de profesores y todas las partes interesadas en el sector de la educaci\u00f3n.<\/p>\n<p>Para m\u00e1s informaci\u00f3n, clique aqu\u00ed: <a href=\"https:\/\/www.consilium.europa.eu\/es\/press\/press-releases\/2020\/05\/26\/european-teachers-and-trainers-the-council-adopts-conclusions\/\">https:\/\/www.consilium.europa.eu\/es\/press\/press-releases\/2020\/05\/26\/european-teachers-and-trainers-the-council-adopts-conclusions\/<\/a><\/p>\n","protected":false},"excerpt":{"rendered":"<p>Con el reconocimiento de que \u201cprofesores y formadores son una fuerza impulsora indispensable para la educaci\u00f3n y formaci\u00f3n, y reconocemos su compromiso durante la actual crisis COVID-19\u201d el Consejo de la UE ha adoptado una conclusi\u00f3n escrita para involucrar a los profesores en el dise\u00f1o de pol\u00edticas. Esto hace que el proyecto PICELS sea m\u00e1s [&hellip;]<\/p>\n","protected":false},"author":2,"featured_media":596,"comment_status":"open","ping_status":"open","sticky":false,"template":"","format":"standard","meta":{"_et_pb_use_builder":"","_et_pb_old_content":"","_et_gb_content_width":""},"categories":[15],"tags":[],"yoast_head":"<!-- This site is optimized with the Yoast SEO plugin v16.0.2 - https:\/\/yoast.com\/wordpress\/plugins\/seo\/ -->\n<title>Nueva Conclusi\u00f3n adoptada por el Consejo de la UE dando apoyo pol\u00edtico a proyectos como PICELS - PICESL<\/title>\n<link rel=\"canonical\" href=\"https:\/\/www.upo.es\/picesl\/es\/nueva-conclusion-adoptada-por-el-consejo-de-la-ue-dando-apoyo-politico-a-proyectos-como-picels\/\" \/>\n<meta property=\"og:locale\" content=\"en_US\" \/>\n<meta property=\"og:type\" content=\"article\" \/>\n<meta property=\"og:title\" content=\"Nueva Conclusi\u00f3n adoptada por el Consejo de la UE dando apoyo pol\u00edtico a proyectos como PICELS - PICESL\" \/>\n<meta property=\"og:description\" content=\"Con el reconocimiento de que \u201cprofesores y formadores son una fuerza impulsora indispensable para la educaci\u00f3n y formaci\u00f3n, y reconocemos su compromiso durante la actual crisis COVID-19\u201d el Consejo de la UE ha adoptado una conclusi\u00f3n escrita para involucrar a los profesores en el dise\u00f1o de pol\u00edticas. Esto hace que el proyecto PICELS sea m\u00e1s [&hellip;]\" \/>\n<meta property=\"og:url\" content=\"https:\/\/www.upo.es\/picesl\/es\/nueva-conclusion-adoptada-por-el-consejo-de-la-ue-dando-apoyo-politico-a-proyectos-como-picels\/\" \/>\n<meta property=\"og:site_name\" content=\"PICESL\" \/>\n<meta property=\"article:published_time\" content=\"2020-12-08T11:00:34+00:00\" \/>\n<meta property=\"og:image\" content=\"https:\/\/www.upo.es\/picesl\/wp-content\/uploads\/2020\/12\/Council_of_EU_logo.png\" \/>\n\t<meta property=\"og:image:width\" content=\"448\" \/>\n\t<meta property=\"og:image:height\" content=\"199\" \/>\n<meta name=\"twitter:card\" content=\"summary_large_image\" \/>\n<meta name=\"twitter:label1\" content=\"Tiempo de lectura\">\n\t<meta name=\"twitter:data1\" content=\"1 minuto\">\n<script type=\"application\/ld+json\" class=\"yoast-schema-graph\">{\"@context\":\"https:\/\/schema.org\",\"@graph\":[{\"@type\":\"WebSite\",\"@id\":\"https:\/\/www.upo.es\/picesl\/#website\",\"url\":\"https:\/\/www.upo.es\/picesl\/\",\"name\":\"PICESL\",\"description\":\"Promoting Inclusion to Combat Early School Leaving\",\"potentialAction\":[{\"@type\":\"SearchAction\",\"target\":\"https:\/\/www.upo.es\/picesl\/?s={search_term_string}\",\"query-input\":\"required name=search_term_string\"}],\"inLanguage\":\"es\"},{\"@type\":\"ImageObject\",\"@id\":\"https:\/\/www.upo.es\/picesl\/es\/nueva-conclusion-adoptada-por-el-consejo-de-la-ue-dando-apoyo-politico-a-proyectos-como-picels\/#primaryimage\",\"inLanguage\":\"es\",\"url\":\"https:\/\/www.upo.es\/picesl\/wp-content\/uploads\/2020\/12\/Council_of_EU_logo.png\",\"width\":448,\"height\":199},{\"@type\":\"WebPage\",\"@id\":\"https:\/\/www.upo.es\/picesl\/es\/nueva-conclusion-adoptada-por-el-consejo-de-la-ue-dando-apoyo-politico-a-proyectos-como-picels\/#webpage\",\"url\":\"https:\/\/www.upo.es\/picesl\/es\/nueva-conclusion-adoptada-por-el-consejo-de-la-ue-dando-apoyo-politico-a-proyectos-como-picels\/\",\"name\":\"Nueva Conclusi\\u00f3n adoptada por el Consejo de la UE dando apoyo pol\\u00edtico a proyectos como PICELS - PICESL\",\"isPartOf\":{\"@id\":\"https:\/\/www.upo.es\/picesl\/#website\"},\"primaryImageOfPage\":{\"@id\":\"https:\/\/www.upo.es\/picesl\/es\/nueva-conclusion-adoptada-por-el-consejo-de-la-ue-dando-apoyo-politico-a-proyectos-como-picels\/#primaryimage\"},\"datePublished\":\"2020-12-08T11:00:34+00:00\",\"dateModified\":\"2020-12-08T11:00:34+00:00\",\"author\":{\"@id\":\"https:\/\/www.upo.es\/picesl\/#\/schema\/person\/1b5fa7584ecd50469a89450c845eccf4\"},\"breadcrumb\":{\"@id\":\"https:\/\/www.upo.es\/picesl\/es\/nueva-conclusion-adoptada-por-el-consejo-de-la-ue-dando-apoyo-politico-a-proyectos-como-picels\/#breadcrumb\"},\"inLanguage\":\"es\",\"potentialAction\":[{\"@type\":\"ReadAction\",\"target\":[\"https:\/\/www.upo.es\/picesl\/es\/nueva-conclusion-adoptada-por-el-consejo-de-la-ue-dando-apoyo-politico-a-proyectos-como-picels\/\"]}]},{\"@type\":\"BreadcrumbList\",\"@id\":\"https:\/\/www.upo.es\/picesl\/es\/nueva-conclusion-adoptada-por-el-consejo-de-la-ue-dando-apoyo-politico-a-proyectos-como-picels\/#breadcrumb\",\"itemListElement\":[{\"@type\":\"ListItem\",\"position\":1,\"item\":{\"@type\":\"WebPage\",\"@id\":\"https:\/\/www.upo.es\/picesl\/es\/inicio\/\",\"url\":\"https:\/\/www.upo.es\/picesl\/es\/inicio\/\",\"name\":\"Portada\"}},{\"@type\":\"ListItem\",\"position\":2,\"item\":{\"@type\":\"WebPage\",\"@id\":\"https:\/\/www.upo.es\/picesl\/es\/nueva-conclusion-adoptada-por-el-consejo-de-la-ue-dando-apoyo-politico-a-proyectos-como-picels\/\",\"url\":\"https:\/\/www.upo.es\/picesl\/es\/nueva-conclusion-adoptada-por-el-consejo-de-la-ue-dando-apoyo-politico-a-proyectos-como-picels\/\",\"name\":\"Nueva Conclusi\\u00f3n adoptada por el Consejo de la UE dando apoyo pol\\u00edtico a proyectos como PICELS\"}}]},{\"@type\":\"Person\",\"@id\":\"https:\/\/www.upo.es\/picesl\/#\/schema\/person\/1b5fa7584ecd50469a89450c845eccf4\",\"name\":\"Mialy Dermish\",\"image\":{\"@type\":\"ImageObject\",\"@id\":\"https:\/\/www.upo.es\/picesl\/#personlogo\",\"inLanguage\":\"es\",\"url\":\"https:\/\/secure.gravatar.com\/avatar\/58585d9b7d552a307542543439d502ab?s=96&d=mm&r=g\",\"caption\":\"Mialy Dermish\"}}]}<\/script>\n<!-- \/ Yoast SEO plugin. -->","_links":{"self":[{"href":"https:\/\/www.upo.es\/picesl\/wp-json\/wp\/v2\/posts\/595"}],"collection":[{"href":"https:\/\/www.upo.es\/picesl\/wp-json\/wp\/v2\/posts"}],"about":[{"href":"https:\/\/www.upo.es\/picesl\/wp-json\/wp\/v2\/types\/post"}],"author":[{"embeddable":true,"href":"https:\/\/www.upo.es\/picesl\/wp-json\/wp\/v2\/users\/2"}],"replies":[{"embeddable":true,"href":"https:\/\/www.upo.es\/picesl\/wp-json\/wp\/v2\/comments?post=595"}],"version-history":[{"count":0,"href":"https:\/\/www.upo.es\/picesl\/wp-json\/wp\/v2\/posts\/595\/revisions"}],"wp:featuredmedia":[{"embeddable":true,"href":"https:\/\/www.upo.es\/picesl\/wp-json\/wp\/v2\/media\/596"}],"wp:attachment":[{"href":"https:\/\/www.upo.es\/picesl\/wp-json\/wp\/v2\/media?parent=595"}],"wp:term":[{"taxonomy":"category","embeddable":true,"href":"https:\/\/www.upo.es\/picesl\/wp-json\/wp\/v2\/categories?post=595"},{"taxonomy":"post_tag","embeddable":true,"href":"https:\/\/www.upo.es\/picesl\/wp-json\/wp\/v2\/tags?post=595"}],"curies":[{"name":"wp","href":"https:\/\/api.w.org\/{rel}","templated":true}]}}