{"id":736,"date":"2021-05-25T09:13:35","date_gmt":"2021-05-25T07:13:35","guid":{"rendered":"https:\/\/www.upo.es\/picesl\/?p=736"},"modified":"2021-05-25T09:13:35","modified_gmt":"2021-05-25T07:13:35","slug":"el-riesgo-de-abandono-escolar-crece-por-las-clases-semipresenciales-y-las-dificultades-economicas-de-las-familias","status":"publish","type":"post","link":"https:\/\/www.upo.es\/picesl\/es\/el-riesgo-de-abandono-escolar-crece-por-las-clases-semipresenciales-y-las-dificultades-economicas-de-las-familias\/","title":{"rendered":"El riesgo de abandono escolar crece por las clases semipresenciales y las dificultades econ\u00f3micas de las familias"},"content":{"rendered":"<p>\u00ab[&#8230;]El proyecto en el que trabaja Rodr\u00edguez-Izquierdo empez\u00f3 antes de la pandemia pero se tuvo que \u00abreenfocar\u00bb tras comprobar c\u00f3mo la pandemia estaba afectando a la educaci\u00f3n. \u00abEs un problema tremendo y toda la Comisi\u00f3n Europea est\u00e1 muy preocupada. Afecta sobre todo en las zonas m\u00e1s desfavorecidas, donde el acceso a la banda ancha no es tan amplio o donde los alumnos no tienen acceso a dispositivos adecuados. Tambi\u00e9n es diferente seg\u00fan la familia porque\u00a0<b>hay padres que se preocupan mucho por la educaci\u00f3n pero no tienen capital cultural para ayudar a sus hijos<\/b>\u00ab, explica mediante conversaci\u00f3n telef\u00f3nica.[&#8230;] \u00bb<\/p>\n<p><a href=\"https:\/\/www.publico.es\/sociedad\/riesgo-abandono-escolar-crece-clases-semipresenciales-dificultades-economicas-familias.html\">https:\/\/www.publico.es\/sociedad\/riesgo-abandono-escolar-crece-clases-semipresenciales-dificultades-economicas-familias.html<\/a><\/p>\n","protected":false},"excerpt":{"rendered":"<p>\u00ab[&#8230;]El proyecto en el que trabaja Rodr\u00edguez-Izquierdo empez\u00f3 antes de la pandemia pero se tuvo que \u00abreenfocar\u00bb tras comprobar c\u00f3mo la pandemia estaba afectando a la educaci\u00f3n. \u00abEs un problema tremendo y toda la Comisi\u00f3n Europea est\u00e1 muy preocupada. Afecta sobre todo en las zonas m\u00e1s desfavorecidas, donde el acceso a la banda ancha no [&hellip;]<\/p>\n","protected":false},"author":2,"featured_media":737,"comment_status":"open","ping_status":"open","sticky":false,"template":"","format":"standard","meta":{"_et_pb_use_builder":"","_et_pb_old_content":"","_et_gb_content_width":""},"categories":[15],"tags":[],"yoast_head":"<!-- This site is optimized with the Yoast SEO plugin v16.0.2 - https:\/\/yoast.com\/wordpress\/plugins\/seo\/ -->\n<title>El riesgo de abandono escolar crece por las clases semipresenciales y las dificultades econ\u00f3micas de las familias - PICESL<\/title>\n<link rel=\"canonical\" href=\"https:\/\/www.upo.es\/picesl\/es\/el-riesgo-de-abandono-escolar-crece-por-las-clases-semipresenciales-y-las-dificultades-economicas-de-las-familias\/\" \/>\n<meta property=\"og:locale\" content=\"en_US\" \/>\n<meta property=\"og:type\" content=\"article\" \/>\n<meta property=\"og:title\" content=\"El riesgo de abandono escolar crece por las clases semipresenciales y las dificultades econ\u00f3micas de las familias - PICESL\" \/>\n<meta property=\"og:description\" content=\"\u00ab[&#8230;]El proyecto en el que trabaja Rodr\u00edguez-Izquierdo empez\u00f3 antes de la pandemia pero se tuvo que \u00abreenfocar\u00bb tras comprobar c\u00f3mo la pandemia estaba afectando a la educaci\u00f3n. \u00abEs un problema tremendo y toda la Comisi\u00f3n Europea est\u00e1 muy preocupada. Afecta sobre todo en las zonas m\u00e1s desfavorecidas, donde el acceso a la banda ancha no [&hellip;]\" \/>\n<meta property=\"og:url\" content=\"https:\/\/www.upo.es\/picesl\/es\/el-riesgo-de-abandono-escolar-crece-por-las-clases-semipresenciales-y-las-dificultades-economicas-de-las-familias\/\" \/>\n<meta property=\"og:site_name\" content=\"PICESL\" \/>\n<meta property=\"article:published_time\" content=\"2021-05-25T07:13:35+00:00\" \/>\n<meta property=\"og:image\" content=\"https:\/\/www.upo.es\/picesl\/wp-content\/uploads\/2021\/05\/607d6cc3337ec.r_1618904360837.0-0-1245-830.jpeg\" \/>\n\t<meta property=\"og:image:width\" content=\"990\" \/>\n\t<meta property=\"og:image:height\" content=\"660\" \/>\n<meta name=\"twitter:card\" content=\"summary_large_image\" \/>\n<meta name=\"twitter:label1\" content=\"Tiempo de lectura\">\n\t<meta name=\"twitter:data1\" content=\"1 minuto\">\n<script type=\"application\/ld+json\" class=\"yoast-schema-graph\">{\"@context\":\"https:\/\/schema.org\",\"@graph\":[{\"@type\":\"WebSite\",\"@id\":\"https:\/\/www.upo.es\/picesl\/#website\",\"url\":\"https:\/\/www.upo.es\/picesl\/\",\"name\":\"PICESL\",\"description\":\"Promoting Inclusion to Combat Early School Leaving\",\"potentialAction\":[{\"@type\":\"SearchAction\",\"target\":\"https:\/\/www.upo.es\/picesl\/?s={search_term_string}\",\"query-input\":\"required name=search_term_string\"}],\"inLanguage\":\"es\"},{\"@type\":\"ImageObject\",\"@id\":\"https:\/\/www.upo.es\/picesl\/es\/el-riesgo-de-abandono-escolar-crece-por-las-clases-semipresenciales-y-las-dificultades-economicas-de-las-familias\/#primaryimage\",\"inLanguage\":\"es\",\"url\":\"https:\/\/www.upo.es\/picesl\/wp-content\/uploads\/2021\/05\/607d6cc3337ec.r_1618904360837.0-0-1245-830.jpeg\",\"width\":990,\"height\":660},{\"@type\":\"WebPage\",\"@id\":\"https:\/\/www.upo.es\/picesl\/es\/el-riesgo-de-abandono-escolar-crece-por-las-clases-semipresenciales-y-las-dificultades-economicas-de-las-familias\/#webpage\",\"url\":\"https:\/\/www.upo.es\/picesl\/es\/el-riesgo-de-abandono-escolar-crece-por-las-clases-semipresenciales-y-las-dificultades-economicas-de-las-familias\/\",\"name\":\"El riesgo de abandono escolar crece por las clases semipresenciales y las dificultades econ\\u00f3micas de las familias - PICESL\",\"isPartOf\":{\"@id\":\"https:\/\/www.upo.es\/picesl\/#website\"},\"primaryImageOfPage\":{\"@id\":\"https:\/\/www.upo.es\/picesl\/es\/el-riesgo-de-abandono-escolar-crece-por-las-clases-semipresenciales-y-las-dificultades-economicas-de-las-familias\/#primaryimage\"},\"datePublished\":\"2021-05-25T07:13:35+00:00\",\"dateModified\":\"2021-05-25T07:13:35+00:00\",\"author\":{\"@id\":\"https:\/\/www.upo.es\/picesl\/#\/schema\/person\/1b5fa7584ecd50469a89450c845eccf4\"},\"breadcrumb\":{\"@id\":\"https:\/\/www.upo.es\/picesl\/es\/el-riesgo-de-abandono-escolar-crece-por-las-clases-semipresenciales-y-las-dificultades-economicas-de-las-familias\/#breadcrumb\"},\"inLanguage\":\"es\",\"potentialAction\":[{\"@type\":\"ReadAction\",\"target\":[\"https:\/\/www.upo.es\/picesl\/es\/el-riesgo-de-abandono-escolar-crece-por-las-clases-semipresenciales-y-las-dificultades-economicas-de-las-familias\/\"]}]},{\"@type\":\"BreadcrumbList\",\"@id\":\"https:\/\/www.upo.es\/picesl\/es\/el-riesgo-de-abandono-escolar-crece-por-las-clases-semipresenciales-y-las-dificultades-economicas-de-las-familias\/#breadcrumb\",\"itemListElement\":[{\"@type\":\"ListItem\",\"position\":1,\"item\":{\"@type\":\"WebPage\",\"@id\":\"https:\/\/www.upo.es\/picesl\/es\/inicio\/\",\"url\":\"https:\/\/www.upo.es\/picesl\/es\/inicio\/\",\"name\":\"Portada\"}},{\"@type\":\"ListItem\",\"position\":2,\"item\":{\"@type\":\"WebPage\",\"@id\":\"https:\/\/www.upo.es\/picesl\/es\/el-riesgo-de-abandono-escolar-crece-por-las-clases-semipresenciales-y-las-dificultades-economicas-de-las-familias\/\",\"url\":\"https:\/\/www.upo.es\/picesl\/es\/el-riesgo-de-abandono-escolar-crece-por-las-clases-semipresenciales-y-las-dificultades-economicas-de-las-familias\/\",\"name\":\"El riesgo de abandono escolar crece por las clases semipresenciales y las dificultades econ\\u00f3micas de las familias\"}}]},{\"@type\":\"Person\",\"@id\":\"https:\/\/www.upo.es\/picesl\/#\/schema\/person\/1b5fa7584ecd50469a89450c845eccf4\",\"name\":\"Mialy Dermish\",\"image\":{\"@type\":\"ImageObject\",\"@id\":\"https:\/\/www.upo.es\/picesl\/#personlogo\",\"inLanguage\":\"es\",\"url\":\"https:\/\/secure.gravatar.com\/avatar\/58585d9b7d552a307542543439d502ab?s=96&d=mm&r=g\",\"caption\":\"Mialy Dermish\"}}]}<\/script>\n<!-- \/ Yoast SEO plugin. -->","_links":{"self":[{"href":"https:\/\/www.upo.es\/picesl\/wp-json\/wp\/v2\/posts\/736"}],"collection":[{"href":"https:\/\/www.upo.es\/picesl\/wp-json\/wp\/v2\/posts"}],"about":[{"href":"https:\/\/www.upo.es\/picesl\/wp-json\/wp\/v2\/types\/post"}],"author":[{"embeddable":true,"href":"https:\/\/www.upo.es\/picesl\/wp-json\/wp\/v2\/users\/2"}],"replies":[{"embeddable":true,"href":"https:\/\/www.upo.es\/picesl\/wp-json\/wp\/v2\/comments?post=736"}],"version-history":[{"count":1,"href":"https:\/\/www.upo.es\/picesl\/wp-json\/wp\/v2\/posts\/736\/revisions"}],"predecessor-version":[{"id":739,"href":"https:\/\/www.upo.es\/picesl\/wp-json\/wp\/v2\/posts\/736\/revisions\/739"}],"wp:featuredmedia":[{"embeddable":true,"href":"https:\/\/www.upo.es\/picesl\/wp-json\/wp\/v2\/media\/737"}],"wp:attachment":[{"href":"https:\/\/www.upo.es\/picesl\/wp-json\/wp\/v2\/media?parent=736"}],"wp:term":[{"taxonomy":"category","embeddable":true,"href":"https:\/\/www.upo.es\/picesl\/wp-json\/wp\/v2\/categories?post=736"},{"taxonomy":"post_tag","embeddable":true,"href":"https:\/\/www.upo.es\/picesl\/wp-json\/wp\/v2\/tags?post=736"}],"curies":[{"name":"wp","href":"https:\/\/api.w.org\/{rel}","templated":true}]}}