{"id":1021,"date":"2018-03-08T12:19:00","date_gmt":"2018-03-08T11:19:00","guid":{"rendered":"https:\/\/www.upo.es\/sociologia\/?p=1021"},"modified":"2018-03-12T13:50:06","modified_gmt":"2018-03-12T12:50:06","slug":"mesa-inaugural-i-jornadas-demospain-espana2017-democracia-territorios-e-identidades","status":"publish","type":"post","link":"https:\/\/www.upo.es\/sociologia\/mesa-inaugural-i-jornadas-demospain-espana2017-democracia-territorios-e-identidades\/","title":{"rendered":"Mesa inaugural I Jornadas DEMOSPAIN: Espa\u00f1a\/2017. Democracia, Territorios e Identidades."},"content":{"rendered":"<p>Presentaci\u00f3n: martes 20\/03\/18, 10:00-10:30 h . Sala de Grados de la Biblioteca (U.P.O)<\/p>\n<p><!--more--><\/p>\n<p>El Departamento de Sociolog\u00eda organiza, junto con la Fundaci\u00f3n P\u00fablica Andaluza Centro de Estudios Andaluces, el Plan Propio de la Universidad Pablo de Olavide, el Grupo de Investigaci\u00f3n PAIDI SEJ-598 y el Grupo de Investigaci\u00f3n PAIDI FQM-358 y la colaboraci\u00f3n de la Facultad de Ciencias Sociales de la Universidad Pablo de Olavide, las I Jornadas DEMOSPAIN.<\/p>\n<p>Las I Jornadas DEMOSPAIN se desarrollar\u00e1n el pr\u00f3ximo 20 de marzo de 2018 en la Sala de Grados de la Universidad Pablo de Olavide, de 10:00 a 17:45. Est\u00e1n organizadas en cuatro sesiones centradas en: 1) Identidad nacional y nacionalismo; 2) Sociedad y territorio- Sociolog\u00eda rural; 3) Conciencia medioambiental y mediambientalismo; 4) Salud p\u00fablica, epidemiolog\u00eda social, mortalidad y longevidad.<\/p>\n<p><a href=\"https:\/\/www.upo.es\/sociologia\/wp-content\/uploads\/2018\/03\/cartel2.pdf\">Para acceder al contenido y desarrollo de la Jornada, pulse aqu\u00ed.<\/a><\/p>\n<p><a href=\"https:\/\/www.upo.es\/sociologia\/wp-content\/uploads\/2018\/03\/triptico_exterior2.pdf\">Tr\u00edptico exterior, pulse aqu\u00ed.<\/a><\/p>\n<p><a href=\"https:\/\/www.upo.es\/sociologia\/wp-content\/uploads\/2018\/03\/triptico_interior2.pdf\">Tr\u00edptico interior, pulse aqu\u00ed.<\/a><\/p>\n","protected":false},"excerpt":{"rendered":"<p>Presentaci\u00f3n: martes 20\/03\/18, 10:00-10:30 h . Sala de Grados de la Biblioteca (U.P.O)<\/p>\n<p>  [&#8230;]<\/p>\n","protected":false},"author":1,"featured_media":0,"comment_status":"open","ping_status":"open","sticky":false,"template":"","format":"standard","meta":[],"categories":[1],"tags":[],"_links":{"self":[{"href":"https:\/\/www.upo.es\/sociologia\/wp-json\/wp\/v2\/posts\/1021"}],"collection":[{"href":"https:\/\/www.upo.es\/sociologia\/wp-json\/wp\/v2\/posts"}],"about":[{"href":"https:\/\/www.upo.es\/sociologia\/wp-json\/wp\/v2\/types\/post"}],"author":[{"embeddable":true,"href":"https:\/\/www.upo.es\/sociologia\/wp-json\/wp\/v2\/users\/1"}],"replies":[{"embeddable":true,"href":"https:\/\/www.upo.es\/sociologia\/wp-json\/wp\/v2\/comments?post=1021"}],"version-history":[{"count":6,"href":"https:\/\/www.upo.es\/sociologia\/wp-json\/wp\/v2\/posts\/1021\/revisions"}],"predecessor-version":[{"id":1039,"href":"https:\/\/www.upo.es\/sociologia\/wp-json\/wp\/v2\/posts\/1021\/revisions\/1039"}],"wp:attachment":[{"href":"https:\/\/www.upo.es\/sociologia\/wp-json\/wp\/v2\/media?parent=1021"}],"wp:term":[{"taxonomy":"category","embeddable":true,"href":"https:\/\/www.upo.es\/sociologia\/wp-json\/wp\/v2\/categories?post=1021"},{"taxonomy":"post_tag","embeddable":true,"href":"https:\/\/www.upo.es\/sociologia\/wp-json\/wp\/v2\/tags?post=1021"}],"curies":[{"name":"wp","href":"https:\/\/api.w.org\/{rel}","templated":true}]}}