{"id":1040,"date":"2018-03-13T11:58:57","date_gmt":"2018-03-13T10:58:57","guid":{"rendered":"https:\/\/www.upo.es\/sociologia\/?p=1040"},"modified":"2018-03-13T12:13:34","modified_gmt":"2018-03-13T11:13:34","slug":"conferencia-dinamicas-organizacionales-accion-colectiva-y-territorio-tendencias-desafios-y-perspectivas","status":"publish","type":"post","link":"https:\/\/www.upo.es\/sociologia\/conferencia-dinamicas-organizacionales-accion-colectiva-y-territorio-tendencias-desafios-y-perspectivas\/","title":{"rendered":"Conferencia \u00abDin\u00e1micas organizacionales, acci\u00f3n colectiva y territorio. Tendencias, desaf\u00edos y perspectivas\u00bb"},"content":{"rendered":"<p>Ponente\u00a0Prof. Dr. Carlos Da Silva de la Universidad de \u00c9vora (Portugal)<\/p>\n<p>D\u00eda 20\/03\/18, en el aula 4 del edificio 6 de 13:00 a 14:30 horas<\/p>\n<p><!--more--><\/p>\n<p><a href=\"https:\/\/www.upo.es\/sociologia\/wp-content\/uploads\/2018\/03\/Conferencia-Carlos-da-Silva-Erasmus-Sevilha-2018.pdf\">Resumen conferencia espa\u00f1ol-portugu\u00e9s, pulse aqu\u00ed.<\/a><\/p>\n","protected":false},"excerpt":{"rendered":"<p>Ponente\u00a0Prof. Dr. Carlos Da Silva de la Universidad de \u00c9vora (Portugal)<\/p>\n<p>D\u00eda 20\/03\/18, en el aula 4 del edificio 6 de 13:00 a 14:30 horas<\/p>\n<p>  [&#8230;]<\/p>\n","protected":false},"author":1,"featured_media":0,"comment_status":"open","ping_status":"open","sticky":false,"template":"","format":"standard","meta":[],"categories":[1],"tags":[],"_links":{"self":[{"href":"https:\/\/www.upo.es\/sociologia\/wp-json\/wp\/v2\/posts\/1040"}],"collection":[{"href":"https:\/\/www.upo.es\/sociologia\/wp-json\/wp\/v2\/posts"}],"about":[{"href":"https:\/\/www.upo.es\/sociologia\/wp-json\/wp\/v2\/types\/post"}],"author":[{"embeddable":true,"href":"https:\/\/www.upo.es\/sociologia\/wp-json\/wp\/v2\/users\/1"}],"replies":[{"embeddable":true,"href":"https:\/\/www.upo.es\/sociologia\/wp-json\/wp\/v2\/comments?post=1040"}],"version-history":[{"count":4,"href":"https:\/\/www.upo.es\/sociologia\/wp-json\/wp\/v2\/posts\/1040\/revisions"}],"predecessor-version":[{"id":1045,"href":"https:\/\/www.upo.es\/sociologia\/wp-json\/wp\/v2\/posts\/1040\/revisions\/1045"}],"wp:attachment":[{"href":"https:\/\/www.upo.es\/sociologia\/wp-json\/wp\/v2\/media?parent=1040"}],"wp:term":[{"taxonomy":"category","embeddable":true,"href":"https:\/\/www.upo.es\/sociologia\/wp-json\/wp\/v2\/categories?post=1040"},{"taxonomy":"post_tag","embeddable":true,"href":"https:\/\/www.upo.es\/sociologia\/wp-json\/wp\/v2\/tags?post=1040"}],"curies":[{"name":"wp","href":"https:\/\/api.w.org\/{rel}","templated":true}]}}