{"id":1075,"date":"2018-04-23T11:05:30","date_gmt":"2018-04-23T09:05:30","guid":{"rendered":"https:\/\/www.upo.es\/sociologia\/?p=1075"},"modified":"2018-04-23T11:16:59","modified_gmt":"2018-04-23T09:16:59","slug":"conferencia-del-prof-dr-arturo-chavez-el-papel-de-la-teoria-en-el-diseno-de-la-investigacion-social","status":"publish","type":"post","link":"https:\/\/www.upo.es\/sociologia\/conferencia-del-prof-dr-arturo-chavez-el-papel-de-la-teoria-en-el-diseno-de-la-investigacion-social\/","title":{"rendered":"Conferencia del Prof. Dr. Arturo Ch\u00e1vez: \u201cEl papel de la teor\u00eda en el dise\u00f1o de la investigaci\u00f3n social\u00bb"},"content":{"rendered":"<p align=\"justify\"><strong>Dr. Arturo Ch\u00e1vez<\/strong>, Profesor Titular y Secretario General de la Facultad de Ciencias Pol\u00edticas y Sociales de la Universidad Nacional Aut\u00f3noma de M\u00e9xico (UNAM).<\/p>\n<p align=\"justify\"><strong>Fecha y hora: <\/strong>Martes 24 de abril de 2018, 12:00 horas.<\/p>\n<p align=\"justify\"><strong>Lugar: <\/strong>Sala de Juntas, Edificio 11.<\/p>\n<p align=\"justify\">Asistencia libre hasta completar aforo.<\/p>\n<p align=\"justify\">Tras su exposici\u00f3n, se abrir\u00e1 un turno de debate.<\/p>\n<p align=\"justify\"><!--more--><\/p>\n<p align=\"justify\"><strong>S\u00edntesis<\/strong>: La reflexi\u00f3n se har\u00e1 en cuatro l\u00edneas argumentativas: 1) La necesidad de recuperar el debate ontol\u00f3gico-epistemol\u00f3gico en la producci\u00f3n de conocimiento en las ciencias sociales. 2) La necesidad de recuperar un debate te\u00f3rico metodol\u00f3gico, en el sentido de recuperar los conceptos te\u00f3ricos como elementos heur\u00edsticos, en una l\u00f3gica del descubrimiento. 3) Asumir que lo cuantitativo y lo cualitativo deben problematizarse, en el sentido de considerar que las dos estrategias tienen problemas para reflejar lo real, y al mismo tiempo, son importantes en la producci\u00f3n de saberes. 4) Una invitaci\u00f3n a hacer de la teor\u00eda, especialmente de la teor\u00eda cr\u00edtica, una estrategia de vigilancia en la producci\u00f3n de conocimiento especialmente en las ciencias sociales.<\/p>\n<p align=\"justify\">Esta actividad consolida las actividades de intercambio, divulgaci\u00f3n y difusi\u00f3n acad\u00e9mica entre el Departamento de Sociolog\u00eda de la UPO y la Facultad de Ciencias Pol\u00edticas y Sociales de la Universidad Nacional Aut\u00f3noma de M\u00e9xico (UNAM), establecidas en la cl\u00e1usula primera del Convenio de Colaboraci\u00f3n celebrado el 25 de abril de 2014.<\/p>\n","protected":false},"excerpt":{"rendered":"<p align=\"justify\">Dr. Arturo Ch\u00e1vez, Profesor Titular y Secretario General de la Facultad de Ciencias Pol\u00edticas y Sociales de la Universidad Nacional Aut\u00f3noma de M\u00e9xico (UNAM).<\/p>\n<p align=\"justify\">Fecha y hora: Martes 24 de abril de 2018, 12:00 horas.<\/p>\n<p align=\"justify\">Lugar: Sala de Juntas, Edificio 11.<\/p>\n<p align=\"justify\">Asistencia libre hasta completar aforo.<\/p>\n<p align=\"justify\">Tras su exposici\u00f3n, se abrir\u00e1 un turno de debate.<\/p>\n<p align=\"justify\">\n<p>  [&#8230;]<\/p>\n","protected":false},"author":1,"featured_media":0,"comment_status":"open","ping_status":"open","sticky":false,"template":"","format":"standard","meta":[],"categories":[1],"tags":[],"_links":{"self":[{"href":"https:\/\/www.upo.es\/sociologia\/wp-json\/wp\/v2\/posts\/1075"}],"collection":[{"href":"https:\/\/www.upo.es\/sociologia\/wp-json\/wp\/v2\/posts"}],"about":[{"href":"https:\/\/www.upo.es\/sociologia\/wp-json\/wp\/v2\/types\/post"}],"author":[{"embeddable":true,"href":"https:\/\/www.upo.es\/sociologia\/wp-json\/wp\/v2\/users\/1"}],"replies":[{"embeddable":true,"href":"https:\/\/www.upo.es\/sociologia\/wp-json\/wp\/v2\/comments?post=1075"}],"version-history":[{"count":1,"href":"https:\/\/www.upo.es\/sociologia\/wp-json\/wp\/v2\/posts\/1075\/revisions"}],"predecessor-version":[{"id":1076,"href":"https:\/\/www.upo.es\/sociologia\/wp-json\/wp\/v2\/posts\/1075\/revisions\/1076"}],"wp:attachment":[{"href":"https:\/\/www.upo.es\/sociologia\/wp-json\/wp\/v2\/media?parent=1075"}],"wp:term":[{"taxonomy":"category","embeddable":true,"href":"https:\/\/www.upo.es\/sociologia\/wp-json\/wp\/v2\/categories?post=1075"},{"taxonomy":"post_tag","embeddable":true,"href":"https:\/\/www.upo.es\/sociologia\/wp-json\/wp\/v2\/tags?post=1075"}],"curies":[{"name":"wp","href":"https:\/\/api.w.org\/{rel}","templated":true}]}}