{"id":1084,"date":"2018-04-30T11:29:48","date_gmt":"2018-04-30T09:29:48","guid":{"rendered":"https:\/\/www.upo.es\/sociologia\/?p=1084"},"modified":"2018-04-30T11:31:26","modified_gmt":"2018-04-30T09:31:26","slug":"acto-conmemorativo-del-dia-de-la-sociologia","status":"publish","type":"post","link":"https:\/\/www.upo.es\/sociologia\/acto-conmemorativo-del-dia-de-la-sociologia\/","title":{"rendered":"ACTO CONMEMORATIVO DEL D\u00cdA DE LA SOCIOLOG\u00cdA"},"content":{"rendered":"<p>El pr\u00f3ximo mi\u00e9rcoles 2 de mayo, a las 11:00, en la Sala de Grados del Edificio 7.<\/p>\n<p>Tendr\u00e1 lugar el\u00a0\u00a0 <strong>\u00ab<\/strong><strong>ACTO CONMEMORATIVO DEL D\u00cdA DE LA SOCIOLOG\u00cdA\u00bb<\/strong><strong><br \/>\n<\/strong><br \/>\n<strong>Enmarcado<\/strong><strong> dentro de la Celebraci\u00f3n de la Semana de la Sociolog\u00eda Andaluza.<\/strong><\/p>\n<p><!--more--><\/p>\n<p>El acto ser\u00e1 presentado por el Sr. D. Vicente Carlos Guzm\u00e1n Fluja, Rector Magfco. de la Universidad Pablo de Olavide, de Sevilla<br \/>\nal que acompa\u00f1ar\u00e1n<br \/>\nla Sra. D\u00f1a. Rosa Mar\u00eda D\u00edaz, Decana de la Facultad de Ciencias Sociales;<br \/>\nla Sra. D\u00f1a. Estrella Gualda, Vicepresidenta de la Asociaci\u00f3n Andaluza de Sociolog\u00eda;<br \/>\nel Sr. D. Clemente J. Navarro, Director del Departamento de Sociolog\u00eda y<br \/>\nel Sr. D. V\u00edctor M. Mu\u00f1oz, Director Acad\u00e9mico del Grado de Sociolog\u00eda de la Universidad Pablo de Olavide, de Sevilla<\/p>\n<p><a href=\"https:\/\/www.upo.es\/sociologia\/wp-content\/uploads\/2018\/04\/Dia-Sociologia-UPO_02-05-18.pdf\">Para acceder al Programa del D\u00eda de la Sociolog\u00eda en la Upo, pulsar aqu\u00ed.<\/a><\/p>\n<p>&nbsp;<\/p>\n","protected":false},"excerpt":{"rendered":"<p>El pr\u00f3ximo mi\u00e9rcoles 2 de mayo, a las 11:00, en la Sala de Grados del Edificio 7.<\/p>\n<p>Tendr\u00e1 lugar el\u00a0\u00a0 \u00abACTO CONMEMORATIVO DEL D\u00cdA DE LA SOCIOLOG\u00cdA\u00bb<\/p>\n<p>Enmarcado dentro de la Celebraci\u00f3n de la Semana de la Sociolog\u00eda Andaluza.<\/p>\n<p>  [&#8230;]<\/p>\n","protected":false},"author":1,"featured_media":0,"comment_status":"open","ping_status":"open","sticky":false,"template":"","format":"standard","meta":[],"categories":[1],"tags":[],"_links":{"self":[{"href":"https:\/\/www.upo.es\/sociologia\/wp-json\/wp\/v2\/posts\/1084"}],"collection":[{"href":"https:\/\/www.upo.es\/sociologia\/wp-json\/wp\/v2\/posts"}],"about":[{"href":"https:\/\/www.upo.es\/sociologia\/wp-json\/wp\/v2\/types\/post"}],"author":[{"embeddable":true,"href":"https:\/\/www.upo.es\/sociologia\/wp-json\/wp\/v2\/users\/1"}],"replies":[{"embeddable":true,"href":"https:\/\/www.upo.es\/sociologia\/wp-json\/wp\/v2\/comments?post=1084"}],"version-history":[{"count":3,"href":"https:\/\/www.upo.es\/sociologia\/wp-json\/wp\/v2\/posts\/1084\/revisions"}],"predecessor-version":[{"id":1088,"href":"https:\/\/www.upo.es\/sociologia\/wp-json\/wp\/v2\/posts\/1084\/revisions\/1088"}],"wp:attachment":[{"href":"https:\/\/www.upo.es\/sociologia\/wp-json\/wp\/v2\/media?parent=1084"}],"wp:term":[{"taxonomy":"category","embeddable":true,"href":"https:\/\/www.upo.es\/sociologia\/wp-json\/wp\/v2\/categories?post=1084"},{"taxonomy":"post_tag","embeddable":true,"href":"https:\/\/www.upo.es\/sociologia\/wp-json\/wp\/v2\/tags?post=1084"}],"curies":[{"name":"wp","href":"https:\/\/api.w.org\/{rel}","templated":true}]}}