{"id":1677,"date":"2019-09-30T09:43:04","date_gmt":"2019-09-30T07:43:04","guid":{"rendered":"https:\/\/www.upo.es\/sociologia\/?p=1677"},"modified":"2019-09-30T11:02:29","modified_gmt":"2019-09-30T09:02:29","slug":"mesa-redonda-debatir-el-futuro-identidades-y-democracia-mas-alla-de-cataluna-el-dia-31019-en-la-upo","status":"publish","type":"post","link":"https:\/\/www.upo.es\/sociologia\/mesa-redonda-debatir-el-futuro-identidades-y-democracia-mas-alla-de-cataluna-el-dia-31019-en-la-upo\/","title":{"rendered":"II Jornadas DEMOSPAIN. Democracia, territorios e indentidades. D\u00edas 2 y 3 de octubre en la UPO."},"content":{"rendered":"<p><img loading=\"lazy\" class=\"size-medium wp-image-1690 aligncenter\" src=\"https:\/\/www.upo.es\/sociologia\/wp-content\/uploads\/2019\/09\/CARTEL_JORNADAS-DEMOSPAIN_WEB_Catalu\u00f1a-1-212x300.jpg\" alt=\"\" width=\"212\" height=\"300\" srcset=\"https:\/\/www.upo.es\/sociologia\/wp-content\/uploads\/2019\/09\/CARTEL_JORNADAS-DEMOSPAIN_WEB_Catalu\u00f1a-1-212x300.jpg 212w, https:\/\/www.upo.es\/sociologia\/wp-content\/uploads\/2019\/09\/CARTEL_JORNADAS-DEMOSPAIN_WEB_Catalu\u00f1a-1-768x1086.jpg 768w, https:\/\/www.upo.es\/sociologia\/wp-content\/uploads\/2019\/09\/CARTEL_JORNADAS-DEMOSPAIN_WEB_Catalu\u00f1a-1-724x1024.jpg 724w\" sizes=\"(max-width: 212px) 100vw, 212px\" \/><\/p>\n<p><strong>Ignacio S\u00e1nchez-Cuenca (soci\u00f3logo) e Ignacio Escolar (eldiario.es) participar\u00e1n el d\u00eda 3 de octubre en un coloquio sobre el futuro de Espa\u00f1a<\/strong><\/p>\n<p><em>El debate forma parte de las II Jornadas del grupo de investigaci\u00f3n DEMOSPAIN, Democracia, Territorios e Identidades<\/em><\/p>\n<p>Ignacio S\u00e1nchez-Cuenca (director del Instituto Juan March Carlos III de Madrid), e Ignacio Escolar (director de eldiario.es) participar\u00e1n el d\u00eda 3 de octubre en un coloquio sobre el futuro de Espa\u00f1a, dentro de las II Jornadas DEMOSPAIN. Se abordar\u00e1n temas ligados a las\u00a0 identidades y la democracia m\u00e1s all\u00e1 de Catalu\u00f1a. El lugar ser\u00e1 la sede de la Universidad Pablo de Olavide (UPO-centro) en la calle Lara\u00f1a s\/n de Sevilla. El coloquio es abierto hasta completar aforo.<\/p>\n<p>El debate forma parte de las <strong>II Jornadas DEMOSPAIN<\/strong> (2 y 3 de octubre de 2019), promovidas por este grupo de investigaci\u00f3n perteneciente a la UPO, y apoyadas tambi\u00e9n por la Facultad de Ciencias Sociales y el Departamento de Sociolog\u00eda de la misma universidad, como parte de las actividades de difusi\u00f3n del seminario de investigaci\u00f3n de dicho departamento.<\/p>\n<p>Las II Jornadas DEMOSPAIN se desarrollan en 2 d\u00edas consecutivos, durante la ma\u00f1ana del d\u00eda 2 de octubre, con sede en el Sal\u00f3n de Grados de la UPO, tomar\u00e1n la palabra los y las colaboradores m\u00e1s j\u00f3venes para que expliquen sus inicios en la trayectoria investigadora a trav\u00e9s de DEMOSPAIN, planteando ejemplos y resolviendo dudas sobre la compatibilizaci\u00f3n de estudios e investigaci\u00f3n. Tambi\u00e9n participar\u00e1n otros profesionales que han pasado alguna etapa de su formaci\u00f3n en DEMOSPAIN y desarrollan actualmente su labor profesional como asesores, consultores, t\u00e9cnicos de investigaci\u00f3n, o profesores. Durante la tarde del d\u00eda 2 de octubre, el grupo DEMOSPAIN ofrece <strong>formaci\u00f3n gratuita<\/strong>, a quienes realicen su inscripci\u00f3n en <a href=\"http:\/\/eventos.upo.es\/38113\/detail\/ii-jornadas-demospain-2019.html\">http:\/\/eventos.upo.es\/38113\/detail\/ii-jornadas-demospain-2019.html<\/a>.<\/p>\n<p>Finalmente, durante la tarde del d\u00eda 3, en un acto dirigido al p\u00fablico en general y en un formato dialogado, el grupo DEMOSPAIN quiere compartir sus hallazgos y reflexiones con el p\u00fablico sevillano enriqueci\u00e9ndolo con los comentarios y cr\u00edticas de dos grandes intelectuales con experiencia en temas de actualidad de nuestro pa\u00eds, Ignacio S\u00e1nchez-Cuenta e Ignacio Escolar<\/p>\n<p>Ignacio S\u00e1nchez-Cuenca es soci\u00f3logo, fil\u00f3sofo y profesor de ciencia pol\u00edtica. El actual director del Instituto Juan March-Carlos III de Madrid, es autor de numerosos libros de gran inter\u00e9s que reflexionan sobre la realidad nacional contempor\u00e1nea de nuestro pa\u00eds. T\u00edtulos como \u201cLa superioridad moral de la izquierda\u201d, \u201cLa confusi\u00f3n nacional\u201d, \u201cLa desfachez intelectual\u201d, y un largo etc\u00e9tera analizan cuestiones que Ignacio S\u00e1nchez-Cuenca debatir\u00e1 con los miembros de DEMOSPAIN el d\u00eda 3.<\/p>\n<p>Ignacio Escolar Garc\u00eda es un bloguero y periodista espa\u00f1ol que actualmente dirige el peri\u00f3dico digital eldiario.es y es analista pol\u00edtico en radio y televisi\u00f3n. Fue fundador y primer director del peri\u00f3dico P\u00fablico. Autor de ensayos como \u201cLa naci\u00f3n inventada\u201d, \u201cLa crisis en cien apuntes\u201d o \u201cEl secuestro de la justicia\u201d, Ignacio Escolar aportar\u00e1 tambi\u00e9n su visi\u00f3n cr\u00edtica sobre las preguntas y hallazgos que planteen los miembros del grupo de investigaci\u00f3n DEMOSPAIN.<\/p>\n<p>M\u00e1s informaci\u00f3n disponible en:<\/p>\n<p>Sobre el grupo de investigaci\u00f3n DEMOSPAIN: <a href=\"http:\/\/www.upo.es\/investiga\/demospain\">http:\/\/www.upo.es\/investiga\/demospain<\/a><\/p>\n<p>Sobre las jornadas: <a href=\"http:\/\/eventos.upo.es\/38113\/detail\/ii-jornadas-demospain-2019.html\">http:\/\/eventos.upo.es\/38113\/detail\/ii-jornadas-demospain-2019.html<\/a><\/p>\n<p>&nbsp;<\/p>\n<p><a href=\"https:\/\/www.upo.es\/sociologia\/wp-content\/uploads\/2019\/09\/CARTEL_JORNADAS-DEMOSPAIN_WEB-1.pdf\">Para ver cartel II Jornadas DEMOSPAIN. Democracia, territorios e identidades. Pulse aqu\u00ed.<\/a><\/p>\n<p><a href=\"https:\/\/www.upo.es\/sociologia\/wp-content\/uploads\/2019\/09\/Nota.de_.prensa_Catalu\u00f1a__final01.pdf\"> Para ver Nota de prensa II Jornadas DEMOSPAIN. Pulse aqu\u00ed.<\/a><\/p>\n<p>&nbsp;<\/p>\n<p>&nbsp;<\/p>\n<p>&nbsp;<\/p>\n<p>&nbsp;<\/p>\n<p>&nbsp;<\/p>\n","protected":false},"excerpt":{"rendered":"<p><img loading=\"lazy\" class=\"size-medium wp-image-1690 aligncenter\" src=\"https:\/\/www.upo.es\/sociologia\/wp-content\/uploads\/2019\/09\/CARTEL_JORNADAS-DEMOSPAIN_WEB_Catalu\u00f1a-1-212x300.jpg\" alt=\"\" width=\"212\" height=\"300\" srcset=\"https:\/\/www.upo.es\/sociologia\/wp-content\/uploads\/2019\/09\/CARTEL_JORNADAS-DEMOSPAIN_WEB_Catalu\u00f1a-1-212x300.jpg 212w, https:\/\/www.upo.es\/sociologia\/wp-content\/uploads\/2019\/09\/CARTEL_JORNADAS-DEMOSPAIN_WEB_Catalu\u00f1a-1-768x1086.jpg 768w, https:\/\/www.upo.es\/sociologia\/wp-content\/uploads\/2019\/09\/CARTEL_JORNADAS-DEMOSPAIN_WEB_Catalu\u00f1a-1-724x1024.jpg 724w\" sizes=\"(max-width: 212px) 100vw, 212px\" \/><\/p>\n<p>Ignacio S\u00e1nchez-Cuenca (soci\u00f3logo) e Ignacio Escolar (eldiario.es) participar\u00e1n el d\u00eda 3 de octubre en un coloquio sobre el futuro de Espa\u00f1a<\/p>\n<p><em>El debate forma parte de las II Jornadas del grupo de investigaci\u00f3n DEMOSPAIN, Democracia, Territorios e Identidades<\/em><\/p>\n<p>Ignacio S\u00e1nchez-Cuenca (director del Instituto Juan March Carlos III de Madrid), e Ignacio Escolar (director de eldiario.es) participar\u00e1n el d\u00eda 3 de octubre en un coloquio sobre el futuro de Espa\u00f1a,<\/p>\n<p>  [&#8230;]<\/p>\n","protected":false},"author":1,"featured_media":0,"comment_status":"open","ping_status":"open","sticky":false,"template":"","format":"standard","meta":[],"categories":[1],"tags":[],"_links":{"self":[{"href":"https:\/\/www.upo.es\/sociologia\/wp-json\/wp\/v2\/posts\/1677"}],"collection":[{"href":"https:\/\/www.upo.es\/sociologia\/wp-json\/wp\/v2\/posts"}],"about":[{"href":"https:\/\/www.upo.es\/sociologia\/wp-json\/wp\/v2\/types\/post"}],"author":[{"embeddable":true,"href":"https:\/\/www.upo.es\/sociologia\/wp-json\/wp\/v2\/users\/1"}],"replies":[{"embeddable":true,"href":"https:\/\/www.upo.es\/sociologia\/wp-json\/wp\/v2\/comments?post=1677"}],"version-history":[{"count":14,"href":"https:\/\/www.upo.es\/sociologia\/wp-json\/wp\/v2\/posts\/1677\/revisions"}],"predecessor-version":[{"id":1694,"href":"https:\/\/www.upo.es\/sociologia\/wp-json\/wp\/v2\/posts\/1677\/revisions\/1694"}],"wp:attachment":[{"href":"https:\/\/www.upo.es\/sociologia\/wp-json\/wp\/v2\/media?parent=1677"}],"wp:term":[{"taxonomy":"category","embeddable":true,"href":"https:\/\/www.upo.es\/sociologia\/wp-json\/wp\/v2\/categories?post=1677"},{"taxonomy":"post_tag","embeddable":true,"href":"https:\/\/www.upo.es\/sociologia\/wp-json\/wp\/v2\/tags?post=1677"}],"curies":[{"name":"wp","href":"https:\/\/api.w.org\/{rel}","templated":true}]}}