{"id":1767,"date":"2019-10-28T12:34:04","date_gmt":"2019-10-28T11:34:04","guid":{"rendered":"https:\/\/www.upo.es\/sociologia\/?p=1767"},"modified":"2019-10-28T12:52:16","modified_gmt":"2019-10-28T11:52:16","slug":"curso-de-linguistica-aplicada-al-analisis-de-los-discursos-sociales","status":"publish","type":"post","link":"https:\/\/www.upo.es\/sociologia\/curso-de-linguistica-aplicada-al-analisis-de-los-discursos-sociales\/","title":{"rendered":"Curso de Ling\u00fc\u00edstica aplicada al an\u00e1lisis de los discursos sociales"},"content":{"rendered":"<p>El Departamento de Sociolog\u00eda les comunica la realizaci\u00f3n del \u00abCurso de Ling\u00fc\u00edstica aplicada al an\u00e1lisis de los discursos sociales\u00bb, dentro del Seminario de Investigaci\u00f3n 2018\/19, que tendr\u00e1 lugar:<br \/>\nMi\u00e9rcoles 30 de octubre. De 16 a 20 horas \u2010 Edif.11-Aula 8<br \/>\nJueves 31 de octubre. De 10 a 14 horas \u2010 Edif.13-Aula 3<\/p>\n<p><!--more--><br \/>\nDocente, Mar\u00eda P\u00e9rez\u2010Montero G\u00f3mez, licenciada en Filolog\u00eda Hisp\u00e1nica y en Ling\u00fc\u00edstica por la\u00a0Universidad Aut\u00f3noma de Madrid.<br \/>\nOrganizador del curso: Luis Navarro Ardoy. Inscripciones a <a href=\"mailto:lnavard@upo.es\">lnavard@upo.es<\/a><\/p>\n<p><a href=\"https:\/\/www.upo.es\/sociologia\/wp-content\/uploads\/2019\/10\/Curso-de-Ling\u00fc\u00edstica-aplicada-al-an\u00e1lisis-de-los-discursos-sociales-2.pdf\">Para m\u00e1s informaci\u00f3n e inscripciones, pulse aqu\u00ed.<\/a><\/p>\n","protected":false},"excerpt":{"rendered":"<p>El Departamento de Sociolog\u00eda les comunica la realizaci\u00f3n del \u00abCurso de Ling\u00fc\u00edstica aplicada al an\u00e1lisis de los discursos sociales\u00bb, dentro del Seminario de Investigaci\u00f3n 2018\/19, que tendr\u00e1 lugar:<br \/>\nMi\u00e9rcoles 30 de octubre. De 16 a 20 horas \u2010 Edif.11-Aula 8<br \/>\nJueves 31 de octubre. De 10 a 14 horas \u2010 Edif.13-Aula 3<\/p>\n<p>  [&#8230;]<\/p>\n","protected":false},"author":1,"featured_media":0,"comment_status":"open","ping_status":"open","sticky":false,"template":"","format":"standard","meta":[],"categories":[1],"tags":[],"_links":{"self":[{"href":"https:\/\/www.upo.es\/sociologia\/wp-json\/wp\/v2\/posts\/1767"}],"collection":[{"href":"https:\/\/www.upo.es\/sociologia\/wp-json\/wp\/v2\/posts"}],"about":[{"href":"https:\/\/www.upo.es\/sociologia\/wp-json\/wp\/v2\/types\/post"}],"author":[{"embeddable":true,"href":"https:\/\/www.upo.es\/sociologia\/wp-json\/wp\/v2\/users\/1"}],"replies":[{"embeddable":true,"href":"https:\/\/www.upo.es\/sociologia\/wp-json\/wp\/v2\/comments?post=1767"}],"version-history":[{"count":2,"href":"https:\/\/www.upo.es\/sociologia\/wp-json\/wp\/v2\/posts\/1767\/revisions"}],"predecessor-version":[{"id":1770,"href":"https:\/\/www.upo.es\/sociologia\/wp-json\/wp\/v2\/posts\/1767\/revisions\/1770"}],"wp:attachment":[{"href":"https:\/\/www.upo.es\/sociologia\/wp-json\/wp\/v2\/media?parent=1767"}],"wp:term":[{"taxonomy":"category","embeddable":true,"href":"https:\/\/www.upo.es\/sociologia\/wp-json\/wp\/v2\/categories?post=1767"},{"taxonomy":"post_tag","embeddable":true,"href":"https:\/\/www.upo.es\/sociologia\/wp-json\/wp\/v2\/tags?post=1767"}],"curies":[{"name":"wp","href":"https:\/\/api.w.org\/{rel}","templated":true}]}}