{"id":354,"date":"2015-10-20T10:00:38","date_gmt":"2015-10-20T08:00:38","guid":{"rendered":"https:\/\/www.upo.es\/sociologia\/?p=354"},"modified":"2018-03-09T08:42:44","modified_gmt":"2018-03-09T07:42:44","slug":"conferencia-de-apertura-del-curso-academico-del-grado-en-sociologia","status":"publish","type":"post","link":"https:\/\/www.upo.es\/sociologia\/conferencia-de-apertura-del-curso-academico-del-grado-en-sociologia\/","title":{"rendered":"Conferencia de apertura del Curso Acad\u00e9mico del Grado en Sociolog\u00eda"},"content":{"rendered":"<p>El pr\u00f3ximo <strong>martes 20 de octubre<\/strong> tendr\u00e1 lugar en la UPO la conferencia de apertura del Curso Acad\u00e9mico del Grado de Sociolog\u00eda:<\/p>\n<p><strong>\u00abCiclo econ\u00f3mico, pobreza y desigualdad en Espa\u00f1a\u00bb.\u00a0<\/strong><\/p>\n<p>Ser\u00e1 impartida por el <strong>Prof. D. Julio Caraba\u00f1a Morales.<\/strong><\/p>\n<p>Catedr\u00e1tico de Sociolog\u00eda de la Universidad Complutense de Madrid.<\/p>\n<p>Lugar y hora: Sala\u00a0de Grados de la Biblioteca, Edificio 25.B, <strong>11:00 h<\/strong><\/p>\n<p>La conferencia estar\u00e1 abierta a toda la comunidad universitaria.<\/p>\n<p><a title=\"Apertura curso Caraba\u00c3\u00b1a 2015-16\" href=\"https:\/\/www1.upo.es\/cms1\/export\/sites\/upo\/sociologia\/documentos\/Apertura-Curso-Dpto-Sociologia-Curso-2015-16.pdf\" target=\"_blank\" rel=\"noopener\">Para acceder a la invitaci\u00f3n puede pulsar aqu\u00ed<\/a><\/p>\n<p>&nbsp;<\/p>\n","protected":false},"excerpt":{"rendered":"<p>El pr\u00f3ximo martes 20 de octubre tendr\u00e1 lugar en la UPO la conferencia de apertura del Curso Acad\u00e9mico del Grado de Sociolog\u00eda:<\/p>\n<p>\u00abCiclo econ\u00f3mico, pobreza y desigualdad en Espa\u00f1a\u00bb.\u00a0<\/p>\n<p>Ser\u00e1 impartida por el Prof. D. Julio Caraba\u00f1a Morales.<\/p>\n<p>Catedr\u00e1tico de Sociolog\u00eda de la Universidad Complutense de Madrid.<\/p>\n<p>Lugar y hora: Sala\u00a0de Grados de la Biblioteca, Edificio 25.B, 11:00 h<\/p>\n<p>La conferencia estar\u00e1 abierta a toda la comunidad universitaria.<\/p>\n<p>  [&#8230;]<\/p>\n","protected":false},"author":1,"featured_media":0,"comment_status":"open","ping_status":"open","sticky":false,"template":"","format":"standard","meta":[],"categories":[1],"tags":[],"_links":{"self":[{"href":"https:\/\/www.upo.es\/sociologia\/wp-json\/wp\/v2\/posts\/354"}],"collection":[{"href":"https:\/\/www.upo.es\/sociologia\/wp-json\/wp\/v2\/posts"}],"about":[{"href":"https:\/\/www.upo.es\/sociologia\/wp-json\/wp\/v2\/types\/post"}],"author":[{"embeddable":true,"href":"https:\/\/www.upo.es\/sociologia\/wp-json\/wp\/v2\/users\/1"}],"replies":[{"embeddable":true,"href":"https:\/\/www.upo.es\/sociologia\/wp-json\/wp\/v2\/comments?post=354"}],"version-history":[{"count":2,"href":"https:\/\/www.upo.es\/sociologia\/wp-json\/wp\/v2\/posts\/354\/revisions"}],"predecessor-version":[{"id":797,"href":"https:\/\/www.upo.es\/sociologia\/wp-json\/wp\/v2\/posts\/354\/revisions\/797"}],"wp:attachment":[{"href":"https:\/\/www.upo.es\/sociologia\/wp-json\/wp\/v2\/media?parent=354"}],"wp:term":[{"taxonomy":"category","embeddable":true,"href":"https:\/\/www.upo.es\/sociologia\/wp-json\/wp\/v2\/categories?post=354"},{"taxonomy":"post_tag","embeddable":true,"href":"https:\/\/www.upo.es\/sociologia\/wp-json\/wp\/v2\/tags?post=354"}],"curies":[{"name":"wp","href":"https:\/\/api.w.org\/{rel}","templated":true}]}}