{"id":358,"date":"2015-05-26T09:00:32","date_gmt":"2015-05-26T07:00:32","guid":{"rendered":"https:\/\/www.upo.es\/sociologia\/?p=358"},"modified":"2018-03-09T08:42:44","modified_gmt":"2018-03-09T07:42:44","slug":"monitorizacion-social-macro-datos-para-el-analisis-sociologico","status":"publish","type":"post","link":"https:\/\/www.upo.es\/sociologia\/monitorizacion-social-macro-datos-para-el-analisis-sociologico\/","title":{"rendered":"Monitorizaci\u00f3n social: macro-datos para el an\u00e1lisis sociol\u00f3gico"},"content":{"rendered":"<p>El Departamento de Sociolog\u00eda organiza la actividad:\u00bbMonitorizaci\u00f3n social: macro-datos para el an\u00e1lisis sociol\u00f3gico\u00bb. Martes 26 de Mayo 2015. 12 a 14 h.<\/p>\n<p>En los \u00faltimos a\u00f1os, debido a la irrupci\u00f3n de la web 2.0 y su incorporaci\u00f3n a la vida cotidiana de buena parte de la poblaci\u00f3n mundial, se ha producido una aut\u00e9ntica explosi\u00f3n en la disponibilidad de datos para el estudio de las expresiones y las pr\u00e1cticas de millones de personas. El objetivo de esta jornada es propiciar un primer acercamiento a las herramientas que se pueden utilizar para el estudio de los macro-datos y explorar v\u00edas de cooperaci\u00f3n interdisciplinar.<\/p>\n<p>Ponente: Profesor Arturo Montejo R\u00e1ez, grupo \u201cSistemas Inteligentes de Acceso a la Informaci\u00f3n\u201d, Universidad de Ja\u00e9n.<\/p>\n<p>Sal\u00f3n de Grados del Edificio 6. Campus UPO, Ctra. de Utrera Km. 1<\/p>\n<p>Entrada libre hasta completar aforo.<\/p>\n<p><a title=\"Monitorizaci\u00f3n social\" href=\"https:\/\/www1.upo.es\/cms1\/export\/sites\/upo\/sociologia\/documentos\/Monitorizacion-social.pdf\" target=\"_blank\" rel=\"noopener\">Para informaci\u00f3n sobre el programa y el docente, pulse aqu\u00ed<\/a><\/p>\n<p>&nbsp;<\/p>\n","protected":false},"excerpt":{"rendered":"<p>Martes 26 de Mayo 2015. 12 a 14 h<\/p>\n","protected":false},"author":1,"featured_media":0,"comment_status":"open","ping_status":"open","sticky":false,"template":"","format":"standard","meta":[],"categories":[1],"tags":[],"_links":{"self":[{"href":"https:\/\/www.upo.es\/sociologia\/wp-json\/wp\/v2\/posts\/358"}],"collection":[{"href":"https:\/\/www.upo.es\/sociologia\/wp-json\/wp\/v2\/posts"}],"about":[{"href":"https:\/\/www.upo.es\/sociologia\/wp-json\/wp\/v2\/types\/post"}],"author":[{"embeddable":true,"href":"https:\/\/www.upo.es\/sociologia\/wp-json\/wp\/v2\/users\/1"}],"replies":[{"embeddable":true,"href":"https:\/\/www.upo.es\/sociologia\/wp-json\/wp\/v2\/comments?post=358"}],"version-history":[{"count":8,"href":"https:\/\/www.upo.es\/sociologia\/wp-json\/wp\/v2\/posts\/358\/revisions"}],"predecessor-version":[{"id":798,"href":"https:\/\/www.upo.es\/sociologia\/wp-json\/wp\/v2\/posts\/358\/revisions\/798"}],"wp:attachment":[{"href":"https:\/\/www.upo.es\/sociologia\/wp-json\/wp\/v2\/media?parent=358"}],"wp:term":[{"taxonomy":"category","embeddable":true,"href":"https:\/\/www.upo.es\/sociologia\/wp-json\/wp\/v2\/categories?post=358"},{"taxonomy":"post_tag","embeddable":true,"href":"https:\/\/www.upo.es\/sociologia\/wp-json\/wp\/v2\/tags?post=358"}],"curies":[{"name":"wp","href":"https:\/\/api.w.org\/{rel}","templated":true}]}}