{"id":554,"date":"2017-10-18T11:10:24","date_gmt":"2017-10-18T11:10:24","guid":{"rendered":"https:\/\/www.upo.es\/sociologia\/?p=554"},"modified":"2018-03-09T08:42:43","modified_gmt":"2018-03-09T07:42:43","slug":"abierto-plazo-para-alumnosas-internos-primer-semestre-curso-201718","status":"publish","type":"post","link":"https:\/\/www.upo.es\/sociologia\/abierto-plazo-para-alumnosas-internos-primer-semestre-curso-201718\/","title":{"rendered":"Abierto plazo para Alumnos\/as Internos Primer Semestre Curso 2017\/18"},"content":{"rendered":"<p>Plazo presentaci\u00f3n de solicitudes en el Registro General de la UPO (Edif. Celestino Mutis-Planta Baja), hasta el 23\/10\/17.<\/p>\n<p><span style=\"text-decoration: underline;\"><strong><span style=\"color: #332363; text-decoration: underline;\">Ver Convocatorias pulsando en los siguientes enlaces<\/span><\/strong><\/span>:<\/p>\n<p>Para acceder a la Convocatoria del Prof. Xavier Coller Porta:<\/p>\n<p><a href=\"https:\/\/www.upo.es\/sociologia\/wp-content\/uploads\/2017\/10\/Convocatoria-Alumnos-Internos_Xavier-Coller-Porta_2017-2018.pdf\">Convocatoria Alumnos Internos_Xavier Coller Porta_2017-2018<\/a><\/p>\n<p>Para acceder a la Convocatoria de la Prof\u00aa. Rosal\u00eda Mart\u00ednez Garc\u00eda:<\/p>\n<p><a href=\"https:\/\/www.upo.es\/sociologia\/wp-content\/uploads\/2017\/10\/Convocatoria-Alumos-Internos_Rosal--a-Mart--nez-Garc--a_2017-2018.pdf\">Convocatoria Alumos Internos_Rosal\u00eda Mart\u00ednez Garc\u00eda_2017-2018<\/a><\/p>\n<p>Para acceder a la Convocatoria del Prof. Jos\u00e9 Manuel Echavarren Fern\u00e1ndez<\/p>\n<p><a href=\"https:\/\/www.upo.es\/sociologia\/wp-content\/uploads\/2017\/10\/Convocatoria-Alumnos-Internos_Jos---Manuel-Echavarren-Fern--ndez_2017-2018.pdf\">Convocatoria Alumnos Internos_Jos\u00e9 Manuel Echavarren Fern\u00e1ndez_2017-2018<\/a><\/p>\n<p>&nbsp;<\/p>\n","protected":false},"excerpt":{"rendered":"<p>Plazo presentaci\u00f3n de solicitudes en el Registro General de la UPO (Edif. Celestino Mutis-Planta Baja), hasta el 23\/10\/17.<\/p>\n","protected":false},"author":1,"featured_media":0,"comment_status":"open","ping_status":"open","sticky":false,"template":"","format":"standard","meta":[],"categories":[1],"tags":[],"_links":{"self":[{"href":"https:\/\/www.upo.es\/sociologia\/wp-json\/wp\/v2\/posts\/554"}],"collection":[{"href":"https:\/\/www.upo.es\/sociologia\/wp-json\/wp\/v2\/posts"}],"about":[{"href":"https:\/\/www.upo.es\/sociologia\/wp-json\/wp\/v2\/types\/post"}],"author":[{"embeddable":true,"href":"https:\/\/www.upo.es\/sociologia\/wp-json\/wp\/v2\/users\/1"}],"replies":[{"embeddable":true,"href":"https:\/\/www.upo.es\/sociologia\/wp-json\/wp\/v2\/comments?post=554"}],"version-history":[{"count":6,"href":"https:\/\/www.upo.es\/sociologia\/wp-json\/wp\/v2\/posts\/554\/revisions"}],"predecessor-version":[{"id":567,"href":"https:\/\/www.upo.es\/sociologia\/wp-json\/wp\/v2\/posts\/554\/revisions\/567"}],"wp:attachment":[{"href":"https:\/\/www.upo.es\/sociologia\/wp-json\/wp\/v2\/media?parent=554"}],"wp:term":[{"taxonomy":"category","embeddable":true,"href":"https:\/\/www.upo.es\/sociologia\/wp-json\/wp\/v2\/categories?post=554"},{"taxonomy":"post_tag","embeddable":true,"href":"https:\/\/www.upo.es\/sociologia\/wp-json\/wp\/v2\/tags?post=554"}],"curies":[{"name":"wp","href":"https:\/\/api.w.org\/{rel}","templated":true}]}}