{"id":762,"date":"2015-05-01T08:00:26","date_gmt":"2015-05-01T06:00:26","guid":{"rendered":"https:\/\/www.upo.es\/sociologia\/?p=762"},"modified":"2018-03-09T08:42:44","modified_gmt":"2018-03-09T07:42:44","slug":"desarrollo-rural-conocimiento-y-formacion","status":"publish","type":"post","link":"https:\/\/www.upo.es\/sociologia\/desarrollo-rural-conocimiento-y-formacion\/","title":{"rendered":"Desarrollo rural, conocimiento y formaci\u00f3n"},"content":{"rendered":"<p>En la \u00faltima reuni\u00f3n del Comit\u00e9 de Sociolog\u00eda Rural de la FES, celebrada en Palencia con ocasi\u00f3n del Coloquio Ib\u00e9rico de Estudios Rurales, se encomend\u00f3 a los miembros de nuestro Departamento que pertenecen al citado Comit\u00e9 la organizaci\u00f3n de su Jornada Intercongresual. Esta tendr\u00e1 lugar el 29 de Mayo de 2015 en la sede de la UIMP en Sevilla (Patio de Banderas 9, 41004 Sevilla).<\/p>\n<p>La Jornada explora diferentes v\u00edas para acercar y conectar el \u00e1mbito de la investigaci\u00f3n, la formaci\u00f3n y los estudios rurales con las preocupaciones, expectativas y \u00e1mbitos en los que se delinean las pol\u00edticas p\u00fablicas. La actividad se desarrollar\u00e1 a modo de di\u00e1logo entre los miembros del Comit\u00e9 y dem\u00e1s asistentes con representantes de diferentes campos acad\u00e9micos, de intervenci\u00f3n y gesti\u00f3n, siempre desde una \u00f3ptica interdisciplinar.<\/p>\n<p>El Departamento de Sociolog\u00eda de la Universidad Pablo de Olavide ha contado en este caso con el apoyo en la organizaci\u00f3n de la Universidad Internacional Men\u00e9ndez Pelayo y la Red de Excelencia ISO\u2010RURAL (Departamento de Sociolog\u00eda I. UNED).<\/p>\n<p>La entrada es libre hasta completar aforo, si bien se recomienda confirmaci\u00f3n de la asistencia y reserva de plaza (Correo a At. Valle Varo. e\u2010mail: <a href=\"mailto:vvaro@uimp.es\">vvaro@uimp.es<\/a> Tel\u00e9fono: 954228731\/954212396).<\/p>\n<p>Para cualquier consulta, la persona de contacto de la organizaci\u00f3n es el profesor Manuel T. Gonz\u00e1lez Fern\u00e1ndez (mtgonfer@upo.es)<\/p>\n<p><a title=\"Programa actualizado\" href=\"https:\/\/www1.upo.es\/cms1\/export\/sites\/upo\/sociologia\/documentos\/sevilla-4.pdf\" target=\"_blank\" rel=\"noopener\">Para acceder al programa pulse aqu\u00ed<\/a><\/p>\n","protected":false},"excerpt":{"rendered":"<p>En la \u00faltima reuni\u00f3n del Comit\u00e9 de Sociolog\u00eda Rural de la FES, celebrada en Palencia con ocasi\u00f3n del Coloquio Ib\u00e9rico de Estudios Rurales, se encomend\u00f3 a los miembros de nuestro Departamento que pertenecen al citado Comit\u00e9 la organizaci\u00f3n de su Jornada Intercongresual. Esta tendr\u00e1 lugar el 29 de Mayo de 2015 en la sede de la UIMP en Sevilla (Patio de Banderas 9, 41004 Sevilla).<\/p>\n<p>La Jornada explora diferentes v\u00edas para acercar y conectar el \u00e1mbito de la investigaci\u00f3n,<\/p>\n<p>  [&#8230;]<\/p>\n","protected":false},"author":1,"featured_media":0,"comment_status":"open","ping_status":"open","sticky":false,"template":"","format":"standard","meta":[],"categories":[1],"tags":[],"_links":{"self":[{"href":"https:\/\/www.upo.es\/sociologia\/wp-json\/wp\/v2\/posts\/762"}],"collection":[{"href":"https:\/\/www.upo.es\/sociologia\/wp-json\/wp\/v2\/posts"}],"about":[{"href":"https:\/\/www.upo.es\/sociologia\/wp-json\/wp\/v2\/types\/post"}],"author":[{"embeddable":true,"href":"https:\/\/www.upo.es\/sociologia\/wp-json\/wp\/v2\/users\/1"}],"replies":[{"embeddable":true,"href":"https:\/\/www.upo.es\/sociologia\/wp-json\/wp\/v2\/comments?post=762"}],"version-history":[{"count":1,"href":"https:\/\/www.upo.es\/sociologia\/wp-json\/wp\/v2\/posts\/762\/revisions"}],"predecessor-version":[{"id":763,"href":"https:\/\/www.upo.es\/sociologia\/wp-json\/wp\/v2\/posts\/762\/revisions\/763"}],"wp:attachment":[{"href":"https:\/\/www.upo.es\/sociologia\/wp-json\/wp\/v2\/media?parent=762"}],"wp:term":[{"taxonomy":"category","embeddable":true,"href":"https:\/\/www.upo.es\/sociologia\/wp-json\/wp\/v2\/categories?post=762"},{"taxonomy":"post_tag","embeddable":true,"href":"https:\/\/www.upo.es\/sociologia\/wp-json\/wp\/v2\/tags?post=762"}],"curies":[{"name":"wp","href":"https:\/\/api.w.org\/{rel}","templated":true}]}}