{"id":764,"date":"2015-03-19T10:00:44","date_gmt":"2015-03-19T09:00:44","guid":{"rendered":"https:\/\/www.upo.es\/sociologia\/?p=764"},"modified":"2018-03-09T08:42:44","modified_gmt":"2018-03-09T07:42:44","slug":"taller","status":"publish","type":"post","link":"https:\/\/www.upo.es\/sociologia\/taller\/","title":{"rendered":"TALLER: \u00bfPor qu\u00e9 fallan las encuestas? Efecto de los factores metodol\u00f3gicos sobre la estimaci\u00f3n electoral &#8211; 12\/03\/2015"},"content":{"rendered":"<p>Queridos amigos y amigas, el Departamento de Sociolog\u00eda junto con el \u00e1rea de Ciencia Pol\u00edtica y de la Administraci\u00f3n hemos organizado una jornada para reflexionar SOBRE LA COCINA ELECTORAL, el pr\u00f3ximo jueves 19 de marzo, a s\u00f3lo tres d\u00edas de las elecciones andaluzas.<\/p>\n<p>Se trata de una conferencia abierta a toda la comunidad universitaria y un taller para el personal del departamento y del \u00e1rea de ciencia pol\u00edtica, becarios, becarias&#8230; (hay que inscribirse en el correo que aparece en el cartel).<\/p>\n<p>Como ponentes, Sara Pasadas del Amo y Manuel Trujillo Carmona (IESA-CSIC).<\/p>\n<p><strong><em>CONFERENCIA: Elecciones en Andaluc\u00eda. La cocina electoral: del campo a la mesa<\/em><\/strong><\/p>\n<p><em><strong>TALLER: \u00bfPor qu\u00e9 fallan las encuestas? Efecto de los factores metodol\u00f3gicos sobre la estimaci\u00f3n electoral<\/strong><\/em><\/p>\n<p><em><strong><a title=\"Taller Elecciones\" href=\"https:\/\/www1.upo.es\/cms1\/export\/sites\/upo\/sociologia\/documentos\/Inivitacion_Taller_Cocina_encuestas.pdf\" target=\"_blank\" rel=\"noopener\">Para acceder a la informaci\u00f3n del taller y poder enviar la inscripci\u00f3n, pulse aqu\u00ed<\/a><\/strong><\/em><\/p>\n","protected":false},"excerpt":{"rendered":"<p>Queridos amigos y amigas, el Departamento de Sociolog\u00eda junto con el \u00e1rea de Ciencia Pol\u00edtica y de la Administraci\u00f3n hemos organizado una jornada para reflexionar SOBRE LA COCINA ELECTORAL, el pr\u00f3ximo jueves 19 de marzo, a s\u00f3lo tres d\u00edas de las elecciones andaluzas.<\/p>\n<p>Se trata de una conferencia abierta a toda la comunidad universitaria y un taller para el personal del departamento y del \u00e1rea de ciencia pol\u00edtica, becarios, becarias&#8230; (hay que inscribirse en el correo que aparece en el cartel).<\/p>\n<p>  [&#8230;]<\/p>\n","protected":false},"author":1,"featured_media":0,"comment_status":"open","ping_status":"open","sticky":false,"template":"","format":"standard","meta":[],"categories":[1],"tags":[],"_links":{"self":[{"href":"https:\/\/www.upo.es\/sociologia\/wp-json\/wp\/v2\/posts\/764"}],"collection":[{"href":"https:\/\/www.upo.es\/sociologia\/wp-json\/wp\/v2\/posts"}],"about":[{"href":"https:\/\/www.upo.es\/sociologia\/wp-json\/wp\/v2\/types\/post"}],"author":[{"embeddable":true,"href":"https:\/\/www.upo.es\/sociologia\/wp-json\/wp\/v2\/users\/1"}],"replies":[{"embeddable":true,"href":"https:\/\/www.upo.es\/sociologia\/wp-json\/wp\/v2\/comments?post=764"}],"version-history":[{"count":2,"href":"https:\/\/www.upo.es\/sociologia\/wp-json\/wp\/v2\/posts\/764\/revisions"}],"predecessor-version":[{"id":766,"href":"https:\/\/www.upo.es\/sociologia\/wp-json\/wp\/v2\/posts\/764\/revisions\/766"}],"wp:attachment":[{"href":"https:\/\/www.upo.es\/sociologia\/wp-json\/wp\/v2\/media?parent=764"}],"wp:term":[{"taxonomy":"category","embeddable":true,"href":"https:\/\/www.upo.es\/sociologia\/wp-json\/wp\/v2\/categories?post=764"},{"taxonomy":"post_tag","embeddable":true,"href":"https:\/\/www.upo.es\/sociologia\/wp-json\/wp\/v2\/tags?post=764"}],"curies":[{"name":"wp","href":"https:\/\/api.w.org\/{rel}","templated":true}]}}