{"id":860,"date":"2018-02-07T13:30:08","date_gmt":"2018-02-07T12:30:08","guid":{"rendered":"https:\/\/www.upo.es\/sociologia\/?p=860"},"modified":"2018-03-09T08:42:43","modified_gmt":"2018-03-09T07:42:43","slug":"convocatoria-alumnosas-internos-2o-semestre-curso-20172018","status":"publish","type":"post","link":"https:\/\/www.upo.es\/sociologia\/convocatoria-alumnosas-internos-2o-semestre-curso-20172018\/","title":{"rendered":"Convocatoria Alumnos\/as Internos 2\u00ba Semestre. Curso 2017\/2018"},"content":{"rendered":"<p>Plazo presentaci\u00f3n de solicitudes en el Registro General de la UPO (Edif. Celestino Mutis-Planta Baja), hasta el <span style=\"color: #800080;\"><strong>19\/02\/18<\/strong><\/span>.<\/p>\n<p>Ver Convocatorias:<\/p>\n<p><!--more--><\/p>\n<p><a href=\"https:\/\/www.upo.es\/sociologia\/wp-content\/uploads\/2018\/02\/Convocatoria-Alumnos-Internos_Rosal\u00eda-Mart\u00ednez-Garc\u00eda_2\u00ba-Semestre_2017-18.pdf\">Para acceder a la Convocatoria Alumnos\/as Internos 2\u00ba Semestre Prof\u00aa. Rosal\u00eda Mart\u00ednez Garc\u00eda, pulse aqu\u00ed<\/a><\/p>\n<p><a href=\"https:\/\/www.upo.es\/sociologia\/wp-content\/uploads\/2018\/02\/Convocatoria-Alumnos-Internos_Manuel-T-Gonz\u00e1lez-Fern\u00e1ndez_2\u00ba-Semestre_2017-18.pdf\">Para acceder a la Convocatoria Alumnos\/as Internos 2\u00ba Semestre Prof. Manuel T. Gonz\u00e1lez Fern\u00e1ndez, pulse aqu\u00ed<\/a><\/p>\n<p><a href=\"https:\/\/www.upo.es\/sociologia\/wp-content\/uploads\/2018\/02\/Convocatoria-Alumnos-Internos_Jos\u00e9-Manuel-Echavarren-Fern\u00e1ndez_2\u00ba-Semestre_2017-2018.pdf\">Para acceder a la Convocatoria Alumnos\/as Internos 2\u00ba Semestre Prof. Jos\u00e9 Manuel Echavarren Fern\u00e1ndez, pulse aqu\u00ed<\/a><\/p>\n<p>&nbsp;<\/p>\n","protected":false},"excerpt":{"rendered":"<p>Plazo presentaci\u00f3n de solicitudes en el Registro General de la UPO (Edif. Celestino Mutis-Planta Baja), hasta el 19\/02\/18.<\/p>\n<p>Ver Convocatorias:<\/p>\n<p>  [&#8230;]<\/p>\n","protected":false},"author":1,"featured_media":0,"comment_status":"open","ping_status":"open","sticky":false,"template":"","format":"standard","meta":[],"categories":[1],"tags":[],"_links":{"self":[{"href":"https:\/\/www.upo.es\/sociologia\/wp-json\/wp\/v2\/posts\/860"}],"collection":[{"href":"https:\/\/www.upo.es\/sociologia\/wp-json\/wp\/v2\/posts"}],"about":[{"href":"https:\/\/www.upo.es\/sociologia\/wp-json\/wp\/v2\/types\/post"}],"author":[{"embeddable":true,"href":"https:\/\/www.upo.es\/sociologia\/wp-json\/wp\/v2\/users\/1"}],"replies":[{"embeddable":true,"href":"https:\/\/www.upo.es\/sociologia\/wp-json\/wp\/v2\/comments?post=860"}],"version-history":[{"count":6,"href":"https:\/\/www.upo.es\/sociologia\/wp-json\/wp\/v2\/posts\/860\/revisions"}],"predecessor-version":[{"id":886,"href":"https:\/\/www.upo.es\/sociologia\/wp-json\/wp\/v2\/posts\/860\/revisions\/886"}],"wp:attachment":[{"href":"https:\/\/www.upo.es\/sociologia\/wp-json\/wp\/v2\/media?parent=860"}],"wp:term":[{"taxonomy":"category","embeddable":true,"href":"https:\/\/www.upo.es\/sociologia\/wp-json\/wp\/v2\/categories?post=860"},{"taxonomy":"post_tag","embeddable":true,"href":"https:\/\/www.upo.es\/sociologia\/wp-json\/wp\/v2\/tags?post=860"}],"curies":[{"name":"wp","href":"https:\/\/api.w.org\/{rel}","templated":true}]}}