{"id":9,"date":"2016-11-09T09:00:25","date_gmt":"2016-11-09T08:00:25","guid":{"rendered":"http:\/\/localhost\/wordpress\/?p=1"},"modified":"2018-03-09T08:42:43","modified_gmt":"2018-03-09T07:42:43","slug":"hola-mundo-2","status":"publish","type":"post","link":"https:\/\/www.upo.es\/sociologia\/hola-mundo-2\/","title":{"rendered":"Los nacionalismos en Espa\u00f1a: continuismo y discontinuidades"},"content":{"rendered":"<div>\n<p><strong>Lugar: <\/strong>Sala de Grados del Edificio 7 de la Universidad Pablo de Olavide<\/p>\n<p><strong>Fecha: <\/strong>9 de noviembre<\/p>\n<p><strong>Horario<\/strong>: 9:30 a 14 horas.<\/p>\n<p><strong>Inauguraci\u00f3n:<\/strong> 9:30h.<\/p>\n<p>&nbsp;<\/p>\n<p><strong>Intervendr\u00e1n:<\/strong><\/p>\n<p>D\u00f1a. Rosa D\u00edaz Jim\u00e9nez. Decana Facultad de Ciencias Sociales.<\/p>\n<p>D\u00f1a. Mar\u00eda Jos\u00e9 Trigueros Mart\u00edn.<\/p>\n<p>Directora General de Comunicaci\u00f3n.<\/p>\n<p>Vicerrectorado de Relaciones Institucionales y Comunicaci\u00f3n.<\/p>\n<p>&nbsp;<\/p>\n<p><strong><em>Primer bloque: 10 a 12h.<\/em><\/strong><\/p>\n<p><strong>Presenta:<\/strong> Dr. V\u00edctor Manuel Mu\u00f1oz S\u00e1nchez.<\/p>\n<p>Dra. Elena Ferri Fuentevilla.<\/p>\n<p>\u201cLa definici\u00f3n de la comunidad pol\u00edtica nacional en los viejos y nuevos partidos de \u00e1mbito estatal\u201d.<\/p>\n<p>Dr. Luis Navarro Ardoy. Profesor Asociado de Sociolog\u00eda. Universidad Pablo de Olavide.<\/p>\n<p>\u201cPatriotas sociales: la izquierda ante el nacionalismo espa\u00f1ol\u201d.<\/p>\n<p>Dr. David Soto Fern\u00e1ndez. Profesor Contratado Doctor. Universidad Pablo de Olavide.<\/p>\n<p>\u201cAndaluc\u00eda y la cuesti\u00f3n territorial en los partidos de izquierda durante la transici\u00f3n\u201d.<\/p>\n<p>&nbsp;<\/p>\n<p><strong><em>Segundo bloque: 12 a 14h.<\/em><\/strong><\/p>\n<p><strong>Mesa Redonda:<\/strong><\/p>\n<p><strong>Modera:<\/strong> Dr. Antonio Manuel P\u00e9rez Flores.<\/p>\n<p>Dr. V\u00edctor Manuel Mu\u00f1oz S\u00e1nchez. Profesor Contratado Doctor.<\/p>\n<p>Universidad Pablo de Olavide. \u201cModelos de organizaci\u00f3n del Estado e influencia sobre la identidad colectiva y el<\/p>\n<p>nacionalismo en Espa\u00f1a\u201d.<\/p>\n<p>Dra. Antonia Mar\u00eda Ru\u00edz Jim\u00e9nez. Profesora Titular de Sociolog\u00eda. Universidad Pablo de Olavide.<\/p>\n<p>\u00abLo que la crisis se llev\u00f3. Un an\u00e1lisis multinivel de la econom\u00eda, el bienestar y la identidad nacional en Europa.\u00bb<\/p>\n<p>Dr. Xavier Coller Porta. Catedr\u00e1tico de Sociolog\u00eda. Universidad Pablo de Olavide.<\/p>\n<p>\u00abNacionalismo e identidad en los parlamentarios\/as en Espa\u00f1a\u00bb.<\/p>\n<p>Dr. Ram\u00f3n Cotarelo Garc\u00eda. Catedr\u00e1tico de Ciencia Pol\u00edtica.<\/p>\n<p>Universidad Nacional de Educaci\u00f3n a Distancia. \u201cEspa\u00f1a, un Estado plurinacional\u201d.<\/p>\n<p>&nbsp;<\/p>\n<p><strong>Colaboran:<\/strong><\/p>\n<p>Vicerrectorado de Relaciones Institucionales y Comunicaci\u00f3n<\/p>\n<p>Facultad de Ciencias Sociales. Decanato<\/p>\n<p>Departamento de Sociolog\u00eda<\/p>\n<p>Grupo de Investigaci\u00f3n SEJ-474 \u201cAn\u00e1lisis sociol\u00f3gico sobre tendencias sociales\u201d<\/p>\n<\/div>\n<div><\/div>\n<div><\/div>\n<p><a title=\"Seminario nacionalismos\" href=\"http:\/\/www.upo.es\/ocs\/index.php\/nacionalismo\/nacionalismo\/schedConf\/program\" target=\"_blank\" rel=\"noopener\">Para mayor informaci\u00f3n pulse aqu\u00ed<\/a><\/p>\n<p><a class=\"moz-txt-link-freetext\" href=\"http:\/\/www.upo.es\/ocs\/index.php\/nacionalismo\/nacionalismo\/schedConf\/program\">http:\/\/www.upo.es\/ocs\/index.php\/nacionalismo\/nacionalismo\/schedConf\/program<\/a><\/p>\n","protected":false},"excerpt":{"rendered":"<p>Lugar: Sala de Grados del Edificio 7 de la Universidad Pablo de Olavide<\/p>\n<p>Fecha: 9 de noviembre<\/p>\n<p>Horario: 9:30 a 14 horas.<\/p>\n<p>Inauguraci\u00f3n: 9:30h.<\/p>\n<p>&nbsp;<\/p>\n<p>Intervendr\u00e1n:<\/p>\n<p>D\u00f1a. Rosa D\u00edaz Jim\u00e9nez. Decana Facultad de Ciencias Sociales.<\/p>\n<p>D\u00f1a. Mar\u00eda Jos\u00e9 Trigueros Mart\u00edn.<\/p>\n<p>Directora General de Comunicaci\u00f3n.<\/p>\n<p>Vicerrectorado de Relaciones Institucionales y Comunicaci\u00f3n.<\/p>\n<p>&nbsp;<\/p>\n<p><em>Primer bloque: 10 a 12h.<\/em><\/p>\n<p>  [&#8230;]<\/p>\n","protected":false},"author":1,"featured_media":0,"comment_status":"open","ping_status":"open","sticky":false,"template":"","format":"standard","meta":[],"categories":[1],"tags":[],"_links":{"self":[{"href":"https:\/\/www.upo.es\/sociologia\/wp-json\/wp\/v2\/posts\/9"}],"collection":[{"href":"https:\/\/www.upo.es\/sociologia\/wp-json\/wp\/v2\/posts"}],"about":[{"href":"https:\/\/www.upo.es\/sociologia\/wp-json\/wp\/v2\/types\/post"}],"author":[{"embeddable":true,"href":"https:\/\/www.upo.es\/sociologia\/wp-json\/wp\/v2\/users\/1"}],"replies":[{"embeddable":true,"href":"https:\/\/www.upo.es\/sociologia\/wp-json\/wp\/v2\/comments?post=9"}],"version-history":[{"count":3,"href":"https:\/\/www.upo.es\/sociologia\/wp-json\/wp\/v2\/posts\/9\/revisions"}],"predecessor-version":[{"id":799,"href":"https:\/\/www.upo.es\/sociologia\/wp-json\/wp\/v2\/posts\/9\/revisions\/799"}],"wp:attachment":[{"href":"https:\/\/www.upo.es\/sociologia\/wp-json\/wp\/v2\/media?parent=9"}],"wp:term":[{"taxonomy":"category","embeddable":true,"href":"https:\/\/www.upo.es\/sociologia\/wp-json\/wp\/v2\/categories?post=9"},{"taxonomy":"post_tag","embeddable":true,"href":"https:\/\/www.upo.es\/sociologia\/wp-json\/wp\/v2\/tags?post=9"}],"curies":[{"name":"wp","href":"https:\/\/api.w.org\/{rel}","templated":true}]}}