{"id":938,"date":"2018-02-22T10:32:10","date_gmt":"2018-02-22T09:32:10","guid":{"rendered":"https:\/\/www.upo.es\/sociologia\/?p=938"},"modified":"2018-03-09T08:42:43","modified_gmt":"2018-03-09T07:42:43","slug":"acta-de-resolucion-alumnosas-internos-profa-rosalia-martinez-garcia-2o-semestre-201718","status":"publish","type":"post","link":"https:\/\/www.upo.es\/sociologia\/acta-de-resolucion-alumnosas-internos-profa-rosalia-martinez-garcia-2o-semestre-201718\/","title":{"rendered":"Actas de Resoluci\u00f3n Alumnado Interno Segundo Semestre. Curso 2017\/18"},"content":{"rendered":"<p><a href=\"https:\/\/www.upo.es\/sociologia\/wp-content\/uploads\/2018\/02\/Acta-de-Resoluci\u00f3n-Alumnos-Internos-2\u00ba-Semestre_2017-18_-Rosal\u00eda-Mart\u00ednez.pdf\">Para acceder al Acta de Resoluci\u00f3n de la Prof\u00aa. Rosal\u00eda Mart\u00ednez Garc\u00eda Alumnos\/as Internos 2\u00ba Semestre_2017-18, pulse aqu\u00ed.<\/a><\/p>\n<p><a href=\"https:\/\/www.upo.es\/sociologia\/wp-content\/uploads\/2018\/02\/Acta-de-Resoluci\u00f3n-Alumnos-Internos-2\u00ba-Semestre_2017-18_Manuel-T-Gonz\u00e1lez-Fern\u00e1ndez.pdf\">Para acceder al Acta de Resoluci\u00f3n del Prof. Manuel T. Gonz\u00e1lez Fern\u00e1ndez Alumnos\/as Internos 2\u00ba Semestre_2017-18, pulse aqu\u00ed.<\/a><\/p>\n<p><a href=\"https:\/\/www.upo.es\/sociologia\/wp-content\/uploads\/2018\/02\/Acta-de-Resoluci\u00f3n-Alumnos-Internos-2\u00ba-Semestre_2017-18_Jos\u00e9-Manuel-Echavarren-Fern\u00e1ndez.pdf\">Para acceder al Acta de Resoluci\u00f3n del Prof. Jos\u00e9 Manuel Echavarren Fern\u00e1ndez Alumnos\/as Internos 2\u00ba Semestre_2017-18, pulse aqu\u00ed.<\/a><\/p>\n","protected":false},"excerpt":{"rendered":"<p><a href=\"https:\/\/www.upo.es\/sociologia\/wp-content\/uploads\/2018\/02\/Acta-de-Resoluci\u00f3n-Alumnos-Internos-2\u00ba-Semestre_2017-18_-Rosal\u00eda-Mart\u00ednez.pdf\">Para acceder al Acta de Resoluci\u00f3n de la Prof\u00aa. Rosal\u00eda Mart\u00ednez Garc\u00eda Alumnos\/as Internos 2\u00ba Semestre_2017-18, pulse aqu\u00ed.<\/a><\/p>\n<p><a href=\"https:\/\/www.upo.es\/sociologia\/wp-content\/uploads\/2018\/02\/Acta-de-Resoluci\u00f3n-Alumnos-Internos-2\u00ba-Semestre_2017-18_Manuel-T-Gonz\u00e1lez-Fern\u00e1ndez.pdf\">Para acceder al Acta de Resoluci\u00f3n del Prof. Manuel T. Gonz\u00e1lez Fern\u00e1ndez Alumnos\/as Internos 2\u00ba Semestre_2017-18, pulse aqu\u00ed.<\/a><\/p>\n<p><a href=\"https:\/\/www.upo.es\/sociologia\/wp-content\/uploads\/2018\/02\/Acta-de-Resoluci\u00f3n-Alumnos-Internos-2\u00ba-Semestre_2017-18_Jos\u00e9-Manuel-Echavarren-Fern\u00e1ndez.pdf\">Para acceder al Acta de Resoluci\u00f3n del Prof. Jos\u00e9 Manuel Echavarren Fern\u00e1ndez Alumnos\/as Internos 2\u00ba Semestre_2017-18, pulse aqu\u00ed.<\/a><\/p>\n<p>  [&#8230;]<\/p>\n","protected":false},"author":1,"featured_media":0,"comment_status":"open","ping_status":"open","sticky":false,"template":"","format":"standard","meta":[],"categories":[1],"tags":[],"_links":{"self":[{"href":"https:\/\/www.upo.es\/sociologia\/wp-json\/wp\/v2\/posts\/938"}],"collection":[{"href":"https:\/\/www.upo.es\/sociologia\/wp-json\/wp\/v2\/posts"}],"about":[{"href":"https:\/\/www.upo.es\/sociologia\/wp-json\/wp\/v2\/types\/post"}],"author":[{"embeddable":true,"href":"https:\/\/www.upo.es\/sociologia\/wp-json\/wp\/v2\/users\/1"}],"replies":[{"embeddable":true,"href":"https:\/\/www.upo.es\/sociologia\/wp-json\/wp\/v2\/comments?post=938"}],"version-history":[{"count":6,"href":"https:\/\/www.upo.es\/sociologia\/wp-json\/wp\/v2\/posts\/938\/revisions"}],"predecessor-version":[{"id":950,"href":"https:\/\/www.upo.es\/sociologia\/wp-json\/wp\/v2\/posts\/938\/revisions\/950"}],"wp:attachment":[{"href":"https:\/\/www.upo.es\/sociologia\/wp-json\/wp\/v2\/media?parent=938"}],"wp:term":[{"taxonomy":"category","embeddable":true,"href":"https:\/\/www.upo.es\/sociologia\/wp-json\/wp\/v2\/categories?post=938"},{"taxonomy":"post_tag","embeddable":true,"href":"https:\/\/www.upo.es\/sociologia\/wp-json\/wp\/v2\/tags?post=938"}],"curies":[{"name":"wp","href":"https:\/\/api.w.org\/{rel}","templated":true}]}}